{"id":147038,"date":"2026-04-21T12:00:48","date_gmt":"2026-04-21T10:00:48","guid":{"rendered":"https:\/\/dualdiagnosis.org\/?p=147038"},"modified":"2026-05-03T12:03:31","modified_gmt":"2026-05-03T10:03:31","slug":"magnesium-und-mikroentzuendungen-unterschaetzter-faktor","status":"publish","type":"post","link":"https:\/\/dualdiagnosis.org\/de\/ratgeber\/magnesium-und-mikroentzuendungen\/","title":{"rendered":"Magnesium und Mikroentz\u00fcndungen \u2013 untersch\u00e4tzter Faktor"},"content":{"rendered":"<p>Chronische Ersch\u00f6pfung, diffuse Gelenkschmerzen, ein Immunsystem, das nie richtig zur Ruhe kommt &#8211; viele Menschen kennen diesen Zustand, ohne einen Namen daf\u00fcr zu haben. Die Laborwerte sind unauff\u00e4llig, der Arzt findet nichts Ernstes, und trotzdem f\u00fchlt sich der K\u00f6rper dauerhaft im Ausnahmezustand an. Was dahinterstecken kann, ist ein Ph\u00e4nomen, das die Forschung seit einigen Jahren intensiv untersucht: stille, chronische Entz\u00fcndungen &#8211; sogenannte Mikroentz\u00fcndungen &#8211; und ihr direkter Zusammenhang mit dem Magnesiumbedarf des K\u00f6rpers.<\/p>\n<p>Magnesium geh\u00f6rt zu den am h\u00e4ufigsten untersch\u00e4tzten Mineralstoffen. Dabei ist es an \u00fcber 300 enzymatischen Prozessen beteiligt, reguliert die Muskel- und Nervenaktivit\u00e4t, beeinflusst den Zuckerstoffwechsel und spielt eine zentrale Rolle im Immunsystem. Dass ein Mangel an diesem Mineralstoff mit einem erh\u00f6hten Entz\u00fcndungsrisiko zusammenh\u00e4ngt, ist keine neue Erkenntnis &#8211; aber eine, die im klinischen Alltag erstaunlich selten thematisiert wird.<\/p>\n<h2>Was Mikroentz\u00fcndungen von klassischen Entz\u00fcndungen unterscheidet<\/h2>\n<p>Eine klassische Entz\u00fcndung ist sichtbar und sp\u00fcrbar: R\u00f6tung, Schwellung, Schmerz, W\u00e4rme. Der K\u00f6rper reagiert auf eine akute Bedrohung &#8211; einen Erreger, eine Verletzung &#8211; und mobilisiert seine Abwehrkr\u00e4fte. Das ist ein gesunder, notwendiger Prozess.<\/p>\n<p>Mikroentz\u00fcndungen funktionieren anders. Sie verlaufen still, ohne die klassischen Zeichen, oft jahrelang unbemerkt. Fachleute sprechen von &#8222;low-grade inflammation&#8220; oder stiller systemischer Entz\u00fcndung. Dabei zirkulieren entz\u00fcndungsf\u00f6rdernde Botenstoffe &#8211; vor allem Interleukin-6, TNF-alpha und C-reaktives Protein &#8211; in niedrigen, aber dauerhaft erh\u00f6hten Konzentrationen im Blut. Der K\u00f6rper befindet sich in einem permanenten, leisen Alarmzustand.<\/p>\n<p>Dieser Zustand ist keine Kleinigkeit. Stille Entz\u00fcndungen gelten heute als einer der wichtigsten Treiber f\u00fcr die Entstehung chronischer Krankheiten: Typ-2-Diabetes, Arteriosklerose, neurodegenerative Erkrankungen und Autoimmunprozesse werden alle mit chronisch erh\u00f6hten Entz\u00fcndungsmarkern in Verbindung gebracht. Gleichzeitig sind die Ausl\u00f6ser vielf\u00e4ltig &#8211; Stress, Schlafmangel, unausgewogene Ern\u00e4hrung, Umweltbelastungen und eben: Mikron\u00e4hrstoffm\u00e4ngel.<\/p>\n<h2>Magnesium als nat\u00fcrlicher Entz\u00fcndungsmodulator<\/h2>\n<p>Dass Magnesium entz\u00fcndungsmodulierend wirkt, ist inzwischen gut belegt. Ein niedrigerer Magnesiumspiegel korreliert in mehreren Studien mit erh\u00f6hten Entz\u00fcndungsmarkern &#8211; insbesondere mit einem Anstieg des C-reaktiven Proteins (CRP) und anderer proinflammatorischer Zytokine. Der Zusammenhang ist dabei bidirektional: Magnesiummangel f\u00f6rdert Entz\u00fcndungsprozesse, und umgekehrt senken Entz\u00fcndungsprozesse den Magnesiumspiegel, weil der K\u00f6rper in Stressphasen mehr davon verbraucht.<\/p>\n<p>Der Mechanismus dahinter ist vielschichtig. Magnesium beeinflusst direkt die Aktivit\u00e4t des NF-\u03baB-Signalwegs &#8211; eines zentralen Reglers der Immunantwort, der bei Aktivierung die Produktion proinflammatorischer Zytokine ankurbelt. Ausreichend Magnesium d\u00e4mpft diese Aktivierung. Gleichzeitig sch\u00fctzt Magnesium die Zellmembranen vor oxidativem Stress, der als Mitausl\u00f6ser stiller Entz\u00fcndungen gilt.<\/p>\n<p>Eine Untersuchung, die in den <em>Nutrients<\/em> ver\u00f6ffentlicht wurde, zeigt den Zusammenhang zwischen Magnesiumzufuhr und Entz\u00fcndungsmarkern anhand umfangreicher Datens\u00e4tze: Ein <a href=\"https:\/\/www.mdpi.com\/2072-6643\/12\/12\/3672\">niedriger Magnesiumstatus steht in direktem Zusammenhang mit erh\u00f6hten CRP-Werten<\/a> und anderen Biomarkern systemischer Entz\u00fcndung. Diese Verbindung bleibt auch dann bestehen, wenn Faktoren wie K\u00f6rpergewicht, Alter und Grunderkrankungen herausgerechnet werden.<\/p>\n<p>Auch die Forschung zur rheumatologischen Medizin best\u00e4tigt dieses Bild: Eine Analyse im Fachjournal <em>Seminars in Arthritis and Rheumatism<\/em> zeigt, dass <a href=\"https:\/\/www.sciencedirect.com\/science\/article\/abs\/pii\/S1084952120301713\">Magnesium eine funktionale Rolle bei der Unterdr\u00fcckung entz\u00fcndlicher Signalkaskaden<\/a> spielt und insbesondere bei chronisch-entz\u00fcndlichen Erkrankungen als relevanter Einflussfaktor betrachtet werden sollte.<\/p>\n<h2>Wer besonders betroffen ist<\/h2>\n<p>Magnesiummangel ist verbreiteter als viele annehmen. Sch\u00e4tzungen zufolge nimmt ein erheblicher Anteil der deutschen Bev\u00f6lkerung dauerhaft zu wenig Magnesium \u00fcber die Nahrung auf &#8211; ohne es zu wissen. Das liegt zum Teil an ver\u00e4nderten Ern\u00e4hrungsgewohnheiten, aber auch an der abnehmenden Mineralstoffdichte in intensiv bewirtschafteten B\u00f6den.<\/p>\n<p>Bestimmte Gruppen haben ein deutlich erh\u00f6htes Risiko f\u00fcr einen Mangel. Menschen unter chronischem Stress verlieren \u00fcber die Nieren mehr Magnesium, weil Cortisol die renale Ausscheidung f\u00f6rdert. Sportler verbrauchen durch intensive k\u00f6rperliche Belastung ebenfalls mehr davon &#8211; und greifen deshalb zunehmend zu einem Magnesium Komplex, der mehrere Verbindungen kombiniert und so eine gleichm\u00e4\u00dfigere Versorgung \u00fcber den Tag erm\u00f6glicht. Wer regelm\u00e4\u00dfig Alkohol trinkt oder bestimmte Medikamente einnimmt &#8211; darunter Protonenpumpenhemmer und manche Diuretika &#8211; ist ebenfalls anf\u00e4lliger. Und Menschen mit einem gest\u00f6rten Schlaf befinden sich in einem Teufelskreis: Schlafmangel erh\u00f6ht den Magnesiumverbrauch, w\u00e4hrend Magnesiummangel wiederum die Schlafqualit\u00e4t beeintr\u00e4chtigt. Wer mehr \u00fcber diesen Zusammenhang verstehen m\u00f6chte, findet dazu fundierte Informationen im Ratgeber zu <a href=\"https:\/\/dualdiagnosis.org\/de\/ratgeber\/besser-schlafen-mit-magnesium\/\">besser schlafen mit Magnesium<\/a>.<\/p>\n<p>Das T\u00fcckische ist, dass ein leichter bis mittelschwerer Magnesiummangel im Blutbild h\u00e4ufig nicht auff\u00e4llt. Nur etwa ein Prozent des gesamten Magnesiums im K\u00f6rper befindet sich im Blut &#8211; der Rest steckt in Knochen, Muskeln und Zellen. Serumwerte sind daher ein ungenaues Ma\u00df f\u00fcr den tats\u00e4chlichen Versorgungsstatus.<\/p>\n<h2>Ern\u00e4hrung als erste Stellschraube<\/h2>\n<p>Wer seinen Magnesiumstatus verbessern m\u00f6chte, beginnt am besten bei der Ern\u00e4hrung. Gr\u00fcnes Blattgem\u00fcse, H\u00fclsenfr\u00fcchte, N\u00fcsse, Samen und Vollkornprodukte z\u00e4hlen zu den magnesiumreichsten Lebensmitteln. Besonders K\u00fcrbiskerne, Mandeln und schwarze Bohnen liefern pro Portion beachtliche Mengen.<\/p>\n<p>Die t\u00e4gliche Zufuhrempfehlung der Deutschen Gesellschaft f\u00fcr Ern\u00e4hrung liegt bei 300 bis 400 Milligramm f\u00fcr Erwachsene, je nach Alter und Geschlecht. Praktisch l\u00e4sst sich das zum Beispiel so erreichen: eine Handvoll K\u00fcrbiskerne (rund 160 mg), eine Portion Linsen (rund 80 mg) und zwei Scheiben Vollkornbrot (rund 60 mg) am Tag liefern zusammen schon eine gute Basis.<\/p>\n<p>Allerdings ist die Realit\u00e4t ern\u00e4hrungsphysiologischer Versorgung komplizierter als reine Milligramm-Zahlen vermuten lassen. Die Bioverf\u00fcgbarkeit von Magnesium aus Lebensmitteln schwankt stark &#8211; abh\u00e4ngig von Zubereitungsmethode, Wechselwirkungen mit anderen Nahrungsbestandteilen (etwa Phytins\u00e4ure in Getreideprodukten, die die Aufnahme hemmt) und der individuellen Darmgesundheit. Wer unter Reizdarmsyndrom oder entz\u00fcndlichen Darmerkrankungen leidet, nimmt Magnesium h\u00e4ufig schlechter auf. Gerade in solchen F\u00e4llen kann ein gezielt zusammengestellter Magnesium Komplex helfen, die Versorgungsl\u00fccke zu schlie\u00dfen &#8211; weil die enthaltenen Verbindungen unterschiedliche Aufnahmewege nutzen und sich gegenseitig erg\u00e4nzen.<\/p>\n<h2>Supplementierung: Was man wissen sollte<\/h2>\n<p>Wenn die Ern\u00e4hrung allein nicht ausreicht, ist eine gezielte Supplementierung eine sinnvolle Option &#8211; vorausgesetzt, man w\u00e4hlt das Pr\u00e4parat mit Bedacht. Nicht alle Magnesiumverbindungen sind gleich: Magnesiumoxid, das h\u00e4ufig in g\u00fcnstigen Pr\u00e4paraten vorkommt, hat eine deutlich schlechtere Bioverf\u00fcgbarkeit als organische Verbindungen wie Magnesiumcitrat, -malat oder -bisglycinat.<\/p>\n<p>Bisglycinat gilt als besonders magenvertr\u00e4glich und gut resorbierbar, weil Magnesium hier an die Aminos\u00e4ure Glycin gebunden ist, was den Transport durch die Darmschleimhaut erleichtert. Citrat wirkt bei manchen Menschen leicht abf\u00fchrend in h\u00f6heren Dosen &#8211; was einerseits unerw\u00fcnscht sein kann, aber auch auf eine gute Aufnahme hinweist. Malat eignet sich besonders f\u00fcr Menschen, die unter Muskelerm\u00fcdung leiden, da \u00c4pfels\u00e4ure direkt am Energiestoffwechsel beteiligt ist.<\/p>\n<p>Pr\u00e4parate, die mehrere Magnesiumformen kombinieren, k\u00f6nnen Vorteile bieten: Die verschiedenen Verbindungen werden \u00fcber unterschiedliche Transportwege aufgenommen und erg\u00e4nzen sich gegenseitig. Warum ein Magnesium Komplex sinnvoll ist, l\u00e4sst sich auf <a href=\"https:\/\/magnesium-komplex.com.de\" rel=\"\">magnesium-komplex.com.de<\/a> nachlesen &#8211; insbesondere wenn es darum geht, gezielt einen Mangel auszugleichen, ohne auf eine einzelne Verbindung angewiesen zu sein.<\/p>\n<p>Bei der Dosierung gilt: Mehr ist nicht automatisch besser. Der K\u00f6rper kann Magnesium nur begrenzt auf einmal aufnehmen &#8211; aufgeteilte Dosen \u00fcber den Tag verteilt sind effizienter als eine gro\u00dfe Einzeldosis. Die tolerable Obergrenze f\u00fcr supplementiertes Magnesium liegt laut Europ\u00e4ischer Beh\u00f6rde f\u00fcr Lebensmittelsicherheit bei 250 Milligramm pro Tag aus Erg\u00e4nzungsmitteln. Wer h\u00f6here Dosen erw\u00e4gt, sollte das mit einem Arzt besprechen.<\/p>\n<h2>Der Entz\u00fcndungs-Schlaf-Kreislauf<\/h2>\n<p>Ein Aspekt, der in der Diskussion um Magnesium und Entz\u00fcndungen h\u00e4ufig \u00fcbersehen wird, ist die Rolle des Schlafs als Vermittler. Schlechter Schlaf gilt als unabh\u00e4ngiger Risikofaktor f\u00fcr erh\u00f6hte Entz\u00fcndungsmarker &#8211; und Magnesiummangel z\u00e4hlt zu den gut belegten Ursachen f\u00fcr gest\u00f6rten Schlaf. Damit entsteht ein Kreislauf, der sich selbst verst\u00e4rkt.<\/p>\n<p>Magnesium beeinflusst die Schlafqualit\u00e4t auf mehreren Ebenen: Es aktiviert den parasympathischen Teil des Nervensystems, f\u00f6rdert die GABA-Aktivit\u00e4t (ein hemmender Neurotransmitter, der Entspannung und Einschlafen beg\u00fcnstigt) und reguliert den Melatoninspiegel indirekt \u00fcber seinen Einfluss auf die Enzymsysteme, die an der Melatoninsynthese beteiligt sind. Menschen mit niedrigem Magnesiumspiegel schlafen nachweislich weniger tief und wachen h\u00e4ufiger auf. Ein Magnesium Komplex, der abends eingenommen wird und mehrere gut resorbierbare Verbindungen enth\u00e4lt, kann in diesem Kontext gezielt unterst\u00fctzen &#8211; insbesondere wenn Bisglycinat enthalten ist, dessen beruhigende Wirkung \u00fcber die Glycin-Komponente zus\u00e4tzlich zum Einschlafen beitragen kann.<\/p>\n<p>Besserer Schlaf bedeutet weniger n\u00e4chtlichen Cortisolaussto\u00df, weniger oxidativen Stress, weniger proinflammatorische Signale am n\u00e4chsten Morgen. Eine gezielte Verbesserung des Magnesiumstatus kann damit nicht nur direkt \u00fcber biochemische Wege entz\u00fcndungsd\u00e4mpfend wirken, sondern auch indirekt &#8211; durch besseren, erholsamen Schlaf, der selbst ein starkes antiinflammatorisches Signal ist.<\/p>\n<h2>Praktische Einsch\u00e4tzung<\/h2>\n<p>Magnesium ist kein Wundermittel, und wer hofft, mit einem Supplement allein eine chronisch-entz\u00fcndliche Erkrankung in den Griff zu bekommen, wird entt\u00e4uscht werden. Aber Magnesium ist ein Baustein, der in vielen F\u00e4llen fehlt &#8211; und dessen Fehlen stille Entz\u00fcndungsprozesse beg\u00fcnstigt oder aufrechterhalten kann.<\/p>\n<p>Die Frage, die sich viele stellen sollten, lautet nicht &#8222;Brauche ich wirklich Magnesium?&#8220;, sondern eher: &#8222;Nehme ich tats\u00e4chlich genug davon auf &#8211; und in einer Form, die mein K\u00f6rper auch verwerten kann?&#8220; Wer unter dauerhafter Ersch\u00f6pfung, Muskelzucken, Schlafproblemen oder diffusen Schmerzen leidet und keinen anderen Ausl\u00f6ser findet, sollte diesen Mineralstoff zumindest ernsthaft in Betracht ziehen.<\/p>\n<p>Ein Blutbild allein reicht daf\u00fcr nicht &#8211; ein erfahrener Arzt oder Ern\u00e4hrungsmediziner kann bei Bedarf eine genauere Einsch\u00e4tzung des Versorgungsstatus geben und dabei helfen, die richtige Supplementierungsstrategie zu finden. Wer parallel dazu seine Ern\u00e4hrung anpasst, auf ausreichend Schlaf achtet und chronischen Stress abbaut, gibt dem K\u00f6rper die besten Voraussetzungen, um stille Entz\u00fcndungsprozesse von innen heraus zu d\u00e4mpfen.<\/p>\n","protected":false},"excerpt":{"rendered":"<p>Chronische Ersch\u00f6pfung, diffuse Gelenkschmerzen, ein Immunsystem, das nie richtig zur Ruhe kommt &#8211; viele Menschen kennen diesen Zustand, ohne einen Namen daf\u00fcr zu haben. Die Laborwerte sind unauff\u00e4llig, der Arzt findet nichts Ernstes, und trotzdem f\u00fchlt sich der K\u00f6rper dauerhaft im Ausnahmezustand an. Was dahinterstecken kann, ist ein Ph\u00e4nomen, das die Forschung seit einigen Jahren &#8230; <a title=\"Magnesium und Mikroentz\u00fcndungen \u2013 untersch\u00e4tzter Faktor\" class=\"read-more\" href=\"https:\/\/dualdiagnosis.org\/de\/ratgeber\/magnesium-und-mikroentzuendungen\/\" aria-label=\"Mehr zu Magnesium und Mikroentz\u00fcndungen \u2013 untersch\u00e4tzter Faktor\">Weiterlesen &#8230;<\/a><\/p>\n","protected":false},"author":5,"featured_media":147039,"comment_status":"open","ping_status":"open","sticky":false,"template":"","format":"standard","meta":{"footnotes":""},"categories":[65],"tags":[],"class_list":["post-147038","post","type-post","status-publish","format-standard","has-post-thumbnail","hentry","category-ratgeber"],"yoast_head":"<!-- This site is optimized with the Yoast SEO plugin v23.0 - https:\/\/yoast.com\/wordpress\/plugins\/seo\/ -->\n<title>Magnesium Komplex gegen Mikroentz\u00fcndungen<\/title>\n<meta name=\"description\" content=\"Stille Entz\u00fcndungen bleiben oft jahrelang unbemerkt. Warum ein Magnesium Komplex dabei eine untersch\u00e4tzte Rolle spielt und was Studien zeigen\" \/>\n<meta name=\"robots\" content=\"index, follow, max-snippet:-1, max-image-preview:large, max-video-preview:-1\" \/>\n<link rel=\"canonical\" href=\"https:\/\/dualdiagnosis.org\/de\/ratgeber\/magnesium-und-mikroentzuendungen\/\" \/>\n<meta name=\"twitter:label1\" content=\"Verfasst von\" \/>\n\t<meta name=\"twitter:data1\" content=\"Ben Lesser\" \/>\n\t<meta name=\"twitter:label2\" content=\"Gesch\u00e4tzte Lesezeit\" \/>\n\t<meta name=\"twitter:data2\" content=\"8\u00a0Minuten\" \/>\n<script type=\"application\/ld+json\" class=\"yoast-schema-graph\">{\"@context\":\"https:\/\/schema.org\",\"@graph\":[{\"@type\":\"Article\",\"@id\":\"https:\/\/dualdiagnosis.org\/de\/ratgeber\/magnesium-und-mikroentzuendungen\/#article\",\"isPartOf\":{\"@id\":\"https:\/\/dualdiagnosis.org\/de\/ratgeber\/magnesium-und-mikroentzuendungen\/\"},\"author\":{\"name\":\"Ben Lesser\",\"@id\":\"https:\/\/dualdiagnosis.org\/de\/#\/schema\/person\/80883be85982ce1aee2d717da7e1838f\"},\"headline\":\"Magnesium und Mikroentz\u00fcndungen \u2013 untersch\u00e4tzter Faktor\",\"datePublished\":\"2026-04-21T10:00:48+00:00\",\"dateModified\":\"2026-05-03T10:03:31+00:00\",\"mainEntityOfPage\":{\"@id\":\"https:\/\/dualdiagnosis.org\/de\/ratgeber\/magnesium-und-mikroentzuendungen\/\"},\"wordCount\":1597,\"commentCount\":0,\"publisher\":{\"@id\":\"https:\/\/dualdiagnosis.org\/de\/#organization\"},\"image\":{\"@id\":\"https:\/\/dualdiagnosis.org\/de\/ratgeber\/magnesium-und-mikroentzuendungen\/#primaryimage\"},\"thumbnailUrl\":\"https:\/\/dualdiagnosis.org\/wp-content\/uploads\/2026\/05\/Magnesium-und-Mikroentzuendungen.png\",\"articleSection\":[\"Ratgeber\"],\"inLanguage\":\"de\",\"potentialAction\":[{\"@type\":\"CommentAction\",\"name\":\"Comment\",\"target\":[\"https:\/\/dualdiagnosis.org\/de\/ratgeber\/magnesium-und-mikroentzuendungen\/#respond\"]}]},{\"@type\":\"WebPage\",\"@id\":\"https:\/\/dualdiagnosis.org\/de\/ratgeber\/magnesium-und-mikroentzuendungen\/\",\"url\":\"https:\/\/dualdiagnosis.org\/de\/ratgeber\/magnesium-und-mikroentzuendungen\/\",\"name\":\"Magnesium Komplex gegen Mikroentz\u00fcndungen\",\"isPartOf\":{\"@id\":\"https:\/\/dualdiagnosis.org\/de\/#website\"},\"primaryImageOfPage\":{\"@id\":\"https:\/\/dualdiagnosis.org\/de\/ratgeber\/magnesium-und-mikroentzuendungen\/#primaryimage\"},\"image\":{\"@id\":\"https:\/\/dualdiagnosis.org\/de\/ratgeber\/magnesium-und-mikroentzuendungen\/#primaryimage\"},\"thumbnailUrl\":\"https:\/\/dualdiagnosis.org\/wp-content\/uploads\/2026\/05\/Magnesium-und-Mikroentzuendungen.png\",\"datePublished\":\"2026-04-21T10:00:48+00:00\",\"dateModified\":\"2026-05-03T10:03:31+00:00\",\"description\":\"Stille Entz\u00fcndungen bleiben oft jahrelang unbemerkt. Warum ein Magnesium Komplex dabei eine untersch\u00e4tzte Rolle spielt und was Studien zeigen\",\"breadcrumb\":{\"@id\":\"https:\/\/dualdiagnosis.org\/de\/ratgeber\/magnesium-und-mikroentzuendungen\/#breadcrumb\"},\"inLanguage\":\"de\",\"potentialAction\":[{\"@type\":\"ReadAction\",\"target\":[\"https:\/\/dualdiagnosis.org\/de\/ratgeber\/magnesium-und-mikroentzuendungen\/\"]}]},{\"@type\":\"ImageObject\",\"inLanguage\":\"de\",\"@id\":\"https:\/\/dualdiagnosis.org\/de\/ratgeber\/magnesium-und-mikroentzuendungen\/#primaryimage\",\"url\":\"https:\/\/dualdiagnosis.org\/wp-content\/uploads\/2026\/05\/Magnesium-und-Mikroentzuendungen.png\",\"contentUrl\":\"https:\/\/dualdiagnosis.org\/wp-content\/uploads\/2026\/05\/Magnesium-und-Mikroentzuendungen.png\",\"width\":750,\"height\":500,\"caption\":\"Magnesium und Mikroentzuendungen\"},{\"@type\":\"BreadcrumbList\",\"@id\":\"https:\/\/dualdiagnosis.org\/de\/ratgeber\/magnesium-und-mikroentzuendungen\/#breadcrumb\",\"itemListElement\":[{\"@type\":\"ListItem\",\"position\":1,\"name\":\"Home\",\"item\":\"https:\/\/dualdiagnosis.org\/de\/\"},{\"@type\":\"ListItem\",\"position\":2,\"name\":\"Magnesium und Mikroentz\u00fcndungen \u2013 untersch\u00e4tzter Faktor\"}]},{\"@type\":\"WebSite\",\"@id\":\"https:\/\/dualdiagnosis.org\/de\/#website\",\"url\":\"https:\/\/dualdiagnosis.org\/de\/\",\"name\":\"Dualdiagnosis.org\",\"description\":\"Dual Diagnosis: Home\",\"publisher\":{\"@id\":\"https:\/\/dualdiagnosis.org\/de\/#organization\"},\"potentialAction\":[{\"@type\":\"SearchAction\",\"target\":{\"@type\":\"EntryPoint\",\"urlTemplate\":\"https:\/\/dualdiagnosis.org\/de\/?s={search_term_string}\"},\"query-input\":\"required name=search_term_string\"}],\"inLanguage\":\"de\"},{\"@type\":\"Organization\",\"@id\":\"https:\/\/dualdiagnosis.org\/de\/#organization\",\"name\":\"Foundations Recovery Network\",\"url\":\"https:\/\/dualdiagnosis.org\/de\/\",\"logo\":{\"@type\":\"ImageObject\",\"inLanguage\":\"de\",\"@id\":\"https:\/\/dualdiagnosis.org\/de\/#\/schema\/logo\/image\/\",\"url\":\"https:\/\/dualdiagnosis.org\/wp-content\/uploads\/2021\/03\/Dualdiagnosis-Logo.png\",\"contentUrl\":\"https:\/\/dualdiagnosis.org\/wp-content\/uploads\/2021\/03\/Dualdiagnosis-Logo.png\",\"width\":1150,\"height\":264,\"caption\":\"Foundations Recovery Network\"},\"image\":{\"@id\":\"https:\/\/dualdiagnosis.org\/de\/#\/schema\/logo\/image\/\"},\"sameAs\":[\"https:\/\/www.facebook.com\/Dual-Diagnosis-100246328793889\",\"https:\/\/x.com\/DiagnosisDual\"]},{\"@type\":\"Person\",\"@id\":\"https:\/\/dualdiagnosis.org\/de\/#\/schema\/person\/80883be85982ce1aee2d717da7e1838f\",\"name\":\"Ben Lesser\",\"image\":{\"@type\":\"ImageObject\",\"inLanguage\":\"de\",\"@id\":\"https:\/\/dualdiagnosis.org\/de\/#\/schema\/person\/image\/\",\"url\":\"https:\/\/secure.gravatar.com\/avatar\/d761cc2d01ed47f79749f689308a0b4344ee8dae3860e0cf8d51a1124644213c?s=96&r=g\",\"contentUrl\":\"https:\/\/secure.gravatar.com\/avatar\/d761cc2d01ed47f79749f689308a0b4344ee8dae3860e0cf8d51a1124644213c?s=96&r=g\",\"caption\":\"Ben Lesser\"},\"description\":\"Ben Lesser ist einer der gefragtesten Experten im Bereich Gesundheit, Fitness und Medizin. Seine Artikel \u00fcberzeugen durch einzigartige Recherchearbeiten sowie praxiserprobte F\u00e4higkeiten. Er ist freiberuflicher medizinischer Autor, der sich auf die Erstellung von Inhalten zur Verbesserung des \u00f6ffentlichen Bewusstseins f\u00fcr Gesundheitsthemen spezialisiert hat. Wir haben die Ehre dass Ben exklusiv und ausschlie\u00dflich f\u00fcr Dualdiagnosis.org Texte verfasst.\",\"sameAs\":[\"https:\/\/www.facebook.com\/people\/Dual-Diagnosis\/100064899908835\/\",\"https:\/\/www.linkedin.com\/in\/ben-lesser-b3b9a4225\/\",\"https:\/\/x.com\/Ben DE\"],\"url\":\"https:\/\/dualdiagnosis.org\/de\/author\/ben-de\/\"}]}<\/script>\n<!-- \/ Yoast SEO plugin. -->","yoast_head_json":{"title":"Magnesium Komplex gegen Mikroentz\u00fcndungen","description":"Stille Entz\u00fcndungen bleiben oft jahrelang unbemerkt. Warum ein Magnesium Komplex dabei eine untersch\u00e4tzte Rolle spielt und was Studien zeigen","robots":{"index":"index","follow":"follow","max-snippet":"max-snippet:-1","max-image-preview":"max-image-preview:large","max-video-preview":"max-video-preview:-1"},"canonical":"https:\/\/dualdiagnosis.org\/de\/ratgeber\/magnesium-und-mikroentzuendungen\/","twitter_misc":{"Verfasst von":"Ben Lesser","Gesch\u00e4tzte Lesezeit":"8\u00a0Minuten"},"schema":{"@context":"https:\/\/schema.org","@graph":[{"@type":"Article","@id":"https:\/\/dualdiagnosis.org\/de\/ratgeber\/magnesium-und-mikroentzuendungen\/#article","isPartOf":{"@id":"https:\/\/dualdiagnosis.org\/de\/ratgeber\/magnesium-und-mikroentzuendungen\/"},"author":{"name":"Ben Lesser","@id":"https:\/\/dualdiagnosis.org\/de\/#\/schema\/person\/80883be85982ce1aee2d717da7e1838f"},"headline":"Magnesium und Mikroentz\u00fcndungen \u2013 untersch\u00e4tzter Faktor","datePublished":"2026-04-21T10:00:48+00:00","dateModified":"2026-05-03T10:03:31+00:00","mainEntityOfPage":{"@id":"https:\/\/dualdiagnosis.org\/de\/ratgeber\/magnesium-und-mikroentzuendungen\/"},"wordCount":1597,"commentCount":0,"publisher":{"@id":"https:\/\/dualdiagnosis.org\/de\/#organization"},"image":{"@id":"https:\/\/dualdiagnosis.org\/de\/ratgeber\/magnesium-und-mikroentzuendungen\/#primaryimage"},"thumbnailUrl":"https:\/\/dualdiagnosis.org\/wp-content\/uploads\/2026\/05\/Magnesium-und-Mikroentzuendungen.png","articleSection":["Ratgeber"],"inLanguage":"de","potentialAction":[{"@type":"CommentAction","name":"Comment","target":["https:\/\/dualdiagnosis.org\/de\/ratgeber\/magnesium-und-mikroentzuendungen\/#respond"]}]},{"@type":"WebPage","@id":"https:\/\/dualdiagnosis.org\/de\/ratgeber\/magnesium-und-mikroentzuendungen\/","url":"https:\/\/dualdiagnosis.org\/de\/ratgeber\/magnesium-und-mikroentzuendungen\/","name":"Magnesium Komplex gegen Mikroentz\u00fcndungen","isPartOf":{"@id":"https:\/\/dualdiagnosis.org\/de\/#website"},"primaryImageOfPage":{"@id":"https:\/\/dualdiagnosis.org\/de\/ratgeber\/magnesium-und-mikroentzuendungen\/#primaryimage"},"image":{"@id":"https:\/\/dualdiagnosis.org\/de\/ratgeber\/magnesium-und-mikroentzuendungen\/#primaryimage"},"thumbnailUrl":"https:\/\/dualdiagnosis.org\/wp-content\/uploads\/2026\/05\/Magnesium-und-Mikroentzuendungen.png","datePublished":"2026-04-21T10:00:48+00:00","dateModified":"2026-05-03T10:03:31+00:00","description":"Stille Entz\u00fcndungen bleiben oft jahrelang unbemerkt. Warum ein Magnesium Komplex dabei eine untersch\u00e4tzte Rolle spielt und was Studien zeigen","breadcrumb":{"@id":"https:\/\/dualdiagnosis.org\/de\/ratgeber\/magnesium-und-mikroentzuendungen\/#breadcrumb"},"inLanguage":"de","potentialAction":[{"@type":"ReadAction","target":["https:\/\/dualdiagnosis.org\/de\/ratgeber\/magnesium-und-mikroentzuendungen\/"]}]},{"@type":"ImageObject","inLanguage":"de","@id":"https:\/\/dualdiagnosis.org\/de\/ratgeber\/magnesium-und-mikroentzuendungen\/#primaryimage","url":"https:\/\/dualdiagnosis.org\/wp-content\/uploads\/2026\/05\/Magnesium-und-Mikroentzuendungen.png","contentUrl":"https:\/\/dualdiagnosis.org\/wp-content\/uploads\/2026\/05\/Magnesium-und-Mikroentzuendungen.png","width":750,"height":500,"caption":"Magnesium und Mikroentzuendungen"},{"@type":"BreadcrumbList","@id":"https:\/\/dualdiagnosis.org\/de\/ratgeber\/magnesium-und-mikroentzuendungen\/#breadcrumb","itemListElement":[{"@type":"ListItem","position":1,"name":"Home","item":"https:\/\/dualdiagnosis.org\/de\/"},{"@type":"ListItem","position":2,"name":"Magnesium und Mikroentz\u00fcndungen \u2013 untersch\u00e4tzter Faktor"}]},{"@type":"WebSite","@id":"https:\/\/dualdiagnosis.org\/de\/#website","url":"https:\/\/dualdiagnosis.org\/de\/","name":"Dualdiagnosis.org","description":"Dual Diagnosis: Home","publisher":{"@id":"https:\/\/dualdiagnosis.org\/de\/#organization"},"potentialAction":[{"@type":"SearchAction","target":{"@type":"EntryPoint","urlTemplate":"https:\/\/dualdiagnosis.org\/de\/?s={search_term_string}"},"query-input":"required name=search_term_string"}],"inLanguage":"de"},{"@type":"Organization","@id":"https:\/\/dualdiagnosis.org\/de\/#organization","name":"Foundations Recovery Network","url":"https:\/\/dualdiagnosis.org\/de\/","logo":{"@type":"ImageObject","inLanguage":"de","@id":"https:\/\/dualdiagnosis.org\/de\/#\/schema\/logo\/image\/","url":"https:\/\/dualdiagnosis.org\/wp-content\/uploads\/2021\/03\/Dualdiagnosis-Logo.png","contentUrl":"https:\/\/dualdiagnosis.org\/wp-content\/uploads\/2021\/03\/Dualdiagnosis-Logo.png","width":1150,"height":264,"caption":"Foundations Recovery Network"},"image":{"@id":"https:\/\/dualdiagnosis.org\/de\/#\/schema\/logo\/image\/"},"sameAs":["https:\/\/www.facebook.com\/Dual-Diagnosis-100246328793889","https:\/\/x.com\/DiagnosisDual"]},{"@type":"Person","@id":"https:\/\/dualdiagnosis.org\/de\/#\/schema\/person\/80883be85982ce1aee2d717da7e1838f","name":"Ben Lesser","image":{"@type":"ImageObject","inLanguage":"de","@id":"https:\/\/dualdiagnosis.org\/de\/#\/schema\/person\/image\/","url":"https:\/\/secure.gravatar.com\/avatar\/d761cc2d01ed47f79749f689308a0b4344ee8dae3860e0cf8d51a1124644213c?s=96&r=g","contentUrl":"https:\/\/secure.gravatar.com\/avatar\/d761cc2d01ed47f79749f689308a0b4344ee8dae3860e0cf8d51a1124644213c?s=96&r=g","caption":"Ben Lesser"},"description":"Ben Lesser ist einer der gefragtesten Experten im Bereich Gesundheit, Fitness und Medizin. Seine Artikel \u00fcberzeugen durch einzigartige Recherchearbeiten sowie praxiserprobte F\u00e4higkeiten. Er ist freiberuflicher medizinischer Autor, der sich auf die Erstellung von Inhalten zur Verbesserung des \u00f6ffentlichen Bewusstseins f\u00fcr Gesundheitsthemen spezialisiert hat. Wir haben die Ehre dass Ben exklusiv und ausschlie\u00dflich f\u00fcr Dualdiagnosis.org Texte verfasst.","sameAs":["https:\/\/www.facebook.com\/people\/Dual-Diagnosis\/100064899908835\/","https:\/\/www.linkedin.com\/in\/ben-lesser-b3b9a4225\/","https:\/\/x.com\/Ben DE"],"url":"https:\/\/dualdiagnosis.org\/de\/author\/ben-de\/"}]}},"_links":{"self":[{"href":"https:\/\/dualdiagnosis.org\/de\/wp-json\/wp\/v2\/posts\/147038","targetHints":{"allow":["GET"]}}],"collection":[{"href":"https:\/\/dualdiagnosis.org\/de\/wp-json\/wp\/v2\/posts"}],"about":[{"href":"https:\/\/dualdiagnosis.org\/de\/wp-json\/wp\/v2\/types\/post"}],"author":[{"embeddable":true,"href":"https:\/\/dualdiagnosis.org\/de\/wp-json\/wp\/v2\/users\/5"}],"replies":[{"embeddable":true,"href":"https:\/\/dualdiagnosis.org\/de\/wp-json\/wp\/v2\/comments?post=147038"}],"version-history":[{"count":1,"href":"https:\/\/dualdiagnosis.org\/de\/wp-json\/wp\/v2\/posts\/147038\/revisions"}],"predecessor-version":[{"id":147049,"href":"https:\/\/dualdiagnosis.org\/de\/wp-json\/wp\/v2\/posts\/147038\/revisions\/147049"}],"wp:featuredmedia":[{"embeddable":true,"href":"https:\/\/dualdiagnosis.org\/de\/wp-json\/wp\/v2\/media\/147039"}],"wp:attachment":[{"href":"https:\/\/dualdiagnosis.org\/de\/wp-json\/wp\/v2\/media?parent=147038"}],"wp:term":[{"taxonomy":"category","embeddable":true,"href":"https:\/\/dualdiagnosis.org\/de\/wp-json\/wp\/v2\/categories?post=147038"},{"taxonomy":"post_tag","embeddable":true,"href":"https:\/\/dualdiagnosis.org\/de\/wp-json\/wp\/v2\/tags?post=147038"}],"curies":[{"name":"wp","href":"https:\/\/api.w.org\/{rel}","templated":true}]}}