{"id":61475,"date":"2024-03-03T04:24:36","date_gmt":"2024-03-03T03:24:36","guid":{"rendered":"https:\/\/dualdiagnosis.org\/?p=61475"},"modified":"2024-03-04T08:24:59","modified_gmt":"2024-03-04T07:24:59","slug":"vitamine-fuer-kinder","status":"publish","type":"post","link":"https:\/\/dualdiagnosis.org\/de\/ratgeber\/vitamine-fuer-kinder\/","title":{"rendered":"So wichtig sind Vitamine f\u00fcr Kinder &#8211; Alle Fakten, Fragen und Antworten"},"content":{"rendered":"\t\t<div data-elementor-type=\"wp-post\" data-elementor-id=\"61475\" class=\"elementor elementor-61475\">\n\t\t\t\t\t\t<section class=\"elementor-section elementor-top-section elementor-element elementor-element-ce74527 elementor-section-boxed elementor-section-height-default elementor-section-height-default\" data-id=\"ce74527\" data-element_type=\"section\">\n\t\t\t\t\t\t<div class=\"elementor-container elementor-column-gap-default\">\n\t\t\t\t\t<div class=\"elementor-column elementor-col-100 elementor-top-column elementor-element elementor-element-f716fb7\" data-id=\"f716fb7\" data-element_type=\"column\">\n\t\t\t<div class=\"elementor-widget-wrap elementor-element-populated\">\n\t\t\t\t\t\t<div class=\"elementor-element elementor-element-92a3c8b elementor-widget elementor-widget-text-editor\" data-id=\"92a3c8b\" data-element_type=\"widget\" data-widget_type=\"text-editor.default\">\n\t\t\t\t<div class=\"elementor-widget-container\">\n\t\t\t\t\t\t\t<p>Vitamine f\u00fcr Kinder sind ein oft diskutiertes Thema. Jeder, der Kinder hat, wei\u00df, dass es nicht immer einfach ist, sie dazu zu bringen, sich wirklich gesund zu ern\u00e4hren. Zum einen schmeckt Gem\u00fcse nicht ann\u00e4hernd so gut wie Chips oder S\u00fc\u00dfigkeiten &#8211; Und Obst ist oft nicht so verlockend wie andere relativ ungesunde Lebensmittel. Selbst das beliebteste Kinderobst schmeckt nur zur richtigen Jahreszeit wirklich gut &#8211; Erdbeeren zum Beispiel sind im Sommer f\u00fcr viele Kinder der absolute Hit.<\/p><p>Gew\u00e4chshauserdbeeren liefern im Winter allerdings relativ wenig Vitamine im Vergleich zu den wahren Vitaminbomben des Sommers &#8211; und sie schmecken w\u00e4ssrig bis bitter. Kein Wunder, dass viele Eltern die Einnahme von Vitaminpr\u00e4paraten bevorzugen, vor allem in den Wintermonaten, wenn leichte und manchmal auch schwere Infektionen h\u00e4ufiger auftreten. Die Frage ist, ob Vitamine f\u00fcr Kinder in Form von Nahrungserg\u00e4nzungsmitteln tats\u00e4chlich hilfreich sind.<\/p><h2>Welche Vitamine f\u00fcr Kinder sind ganz besonders wichtig?<\/h2><p><img fetchpriority=\"high\" decoding=\"async\" class=\"aligncenter wp-image-63408 size-full\" title=\"Verschiedene Vitamine in Form von runden Modellen\" src=\"https:\/\/dualdiagnosis.org\/wp-content\/uploads\/2022\/05\/Wichtige-Vitamine-fuer-Kinder.png\" alt=\"Wichtige Vitamine fuer Kinder\" width=\"700\" height=\"350\" srcset=\"https:\/\/dualdiagnosis.org\/wp-content\/uploads\/2022\/05\/Wichtige-Vitamine-fuer-Kinder.png 700w, https:\/\/dualdiagnosis.org\/wp-content\/uploads\/2022\/05\/Wichtige-Vitamine-fuer-Kinder-300x150.png 300w, https:\/\/dualdiagnosis.org\/wp-content\/uploads\/2022\/05\/Wichtige-Vitamine-fuer-Kinder-660x330.png 660w\" sizes=\"(max-width: 700px) 100vw, 700px\" \/><\/p><p>Das bringt uns zun\u00e4chst zu der Frage, ob es Vitamine f\u00fcr Kinder gibt, die Sie Ihrem Kind unbedingt geben sollten. Wie so viele andere Fragen im Zusammenhang mit der Ern\u00e4hrung und Erziehung von Kindern wird auch diese Frage von den Experten kontrovers diskutiert. Es gibt dabei in der Tat ein Produkt, das bis zu einem bestimmten Alter von den gesetzlichen Krankenkassen \u00fcbernommen wird und von vielen Kinder\u00e4rzten verschrieben wird.<\/p><p>Es handelt sich in diesem Fall um ein Vitamin-D-Pr\u00e4parat auf Fluoridbasis. S\u00e4uglingen und Kleinkindern wird Fluorid und Vitamin D verabreicht, um sie vor Krankheiten wie Rachitis und Karies zu sch\u00fctzen. Es wird auch angenommen, dass es die gesunde Entwicklung von Z\u00e4hnen und Knochen f\u00f6rdert. Bef\u00fcrworter der Verabreichung\u00a0 spezieller Vitamine f\u00fcr Kinder legen gro\u00dfen Wert auf die Tatsache, dass es sich nicht um Nahrungserg\u00e4nzungsmittel, sondern um Arzneimittel handelt, die daher auch von den Krankenkassen \u00fcbernommen werden.<\/p><p>Gegner dieser Tabletten argumentieren, dass diese verabreicht werden, wenn noch keine Z\u00e4hne vorhanden sind, was bedeutet, dass sie bei der Vorbeugung von Karies nicht wirksam sein k\u00f6nnen. Kinder erhalten gen\u00fcgend Vitamin D \u00fcber die Muttermilch oder eine gute Vorern\u00e4hrung und Fluorid ist ein Gift und kein echtes Heilmittel. Kinder\u00e4rzte schw\u00f6ren im Allgemeinen auf den Einsatz dieser Medikamente, w\u00e4hrend sich vor allem Hebammen weniger begeistert davon zeigen.<\/p><p>Zwei Faktoren helfen Ihnen zu entscheiden, ob es wirklich sinnvoll ist, Ihrem Baby diese Tabletten zu geben. Erstens ist Deutschland eines der wenigen europ\u00e4ischen L\u00e4nder, in denen diese Tabletten ausgegeben werden. In S\u00fcdeuropa gibt es zum Beispiel keine Vitamin-D- und Fluoridpr\u00e4parate f\u00fcr S\u00e4uglinge, im Norden hingegen schon. Dies mag zum Teil daran liegen, dass die s\u00fcdeurop\u00e4ischen L\u00e4nder ohnehin viel mehr Sonnenschein im Jahr haben und Vitamin D daher bei S\u00e4uglingen aufgrund der nat\u00fcrlichen Bedingungen leichter gebildet wird.<\/p><p>Dies erkl\u00e4rt jedoch nicht das Fehlen von Fluoridzus\u00e4tzen. Wenn Sie fluoridfreie Produkte bevorzugen, wie z. B. Zahnpasta, k\u00f6nnen Sie sich auch nach fluoridfreien Produkten erkundigen. Andererseits wurden diese Tabletten, bevor sie von den Krankenkassen zugelassen und zu \u00fcbernahmef\u00e4higen Medikamenten erkl\u00e4rt wurden, zahlreichen wissenschaftlichen Tests unterzogen, um ihre Wirksamkeit und Vertr\u00e4glichkeit zu \u00fcberpr\u00fcfen.<\/p><p>Da es sich um Arzneimittel und nicht um Nahrungserg\u00e4nzungsmittel handelt, m\u00fcssen sie in Deutschland viel strenger kontrolliert werden als die verschiedenen Vitaminpr\u00e4parate aus der Apotheke. Dazu geh\u00f6ren z.B. Vitamin E und Vitamin A. Insgesamt geben die meisten deutschen Eltern ihren S\u00e4uglingen und Kleinkindern immer noch Fluorid- und Vitamin-D-Tabletten.<\/p><p>Und sie tun dies auf Anraten ihrer Kinder\u00e4rztinnen und Kinder\u00e4rzte. Die Vorteile der Vorbeugung verschiedener Krankheiten und einer ausreichenden Vitamin-D-Zufuhr sind allgemein bekannt. \u00dcber die Nachteile k\u00f6nnen wir nur spekulieren. Wenden Sie sich bei Fragen oder Zweifeln immer an Ihren Kinderarzt.<\/p><h2>Welche Vitamine f\u00fcr Kinder sind auf dem Markt erh\u00e4ltlich?<\/h2><p>Der Markt f\u00fcr Vitamine f\u00fcr Kinder ist beinahe genauso \u00fcberf\u00fcllt wie der Markt f\u00fcr Vitaminpr\u00e4parate f\u00fcr Erwachsene. Es gibt viele verschiedene Kombinationen von Vitaminen und unterschiedliche Verabreichungsmethoden. Bei den Darreichungsformen von speziellen Kindervitaminen k\u00f6nnen dabei unterschieden werden:<\/p><ul><li>Fruchts\u00e4fte\/ S\u00e4fte<\/li><li>L\u00f6sliche Pulver<\/li><li>Tabletten oder Kapseln<\/li><\/ul>\t\t\t\t\t\t<\/div>\n\t\t\t\t<\/div>\n\t\t\t\t<div class=\"elementor-element elementor-element-1751712 elementor-widget elementor-widget-text-editor\" data-id=\"1751712\" data-element_type=\"widget\" data-widget_type=\"text-editor.default\">\n\t\t\t\t<div class=\"elementor-widget-container\">\n\t\t\t\t\t\t\t<p>Es gibt auch eine Reihe von Lebensmitteln speziell f\u00fcr Kinder, die mit verschiedenen Vitaminen angereichert sind. Dazu geh\u00f6ren Joghurts, Fruchts\u00e4fte, S\u00fc\u00dfigkeiten und Lutscher. Die g\u00e4ngigsten Vitamine auf dem Markt sind hier:<\/p><ul><li>Omega-3-Fetts\u00e4uren<\/li><li>Vitamin D<\/li><li>Vitamin C<\/li><li>Fols\u00e4ure<\/li><li>Kalzium<\/li><li>Fluorid<\/li><\/ul>\t\t\t\t\t\t<\/div>\n\t\t\t\t<\/div>\n\t\t\t\t<div class=\"elementor-element elementor-element-c809426 elementor-widget elementor-widget-text-editor\" data-id=\"c809426\" data-element_type=\"widget\" data-widget_type=\"text-editor.default\">\n\t\t\t\t<div class=\"elementor-widget-container\">\n\t\t\t\t\t\t\t<p>In sehr seltenen F\u00e4llen enth\u00e4lt ein Produkt oder ein entsprechend angereichertes Lebensmittel nur ein Vitamin &#8211; normalerweise wird eine Kombination angeboten. Sie m\u00fcssen nicht teuer sein und es gibt sogar Pr\u00e4parate, die von der Krankenkasse \u00fcbernommen werden. Neben den Pr\u00e4paraten gibt es mittlerweile auch eine Option, die f\u00fcr Kinder interessant sein k\u00f6nnte.<\/p><p>Anstelle von Tabletten oder Pulvern, die einen unangenehmen Nachgeschmack haben k\u00f6nnen, k\u00f6nnen Sie Kindern liposomale Vitaminpr\u00e4parate geben. In dieser Form k\u00f6nnen die Vitamine\u00a0 f\u00fcr Kinder nicht nur mehr Spa\u00df machen, sie wirken so auch effektiver. Wie bei Erwachsenen k\u00f6nnen liposomale Vitamine auch bei Kindern wirksam sein.<\/p><p>In dieser Form ist das Vitamin vor den Auswirkungen des Stoffwechsels gesch\u00fctzt und wirkt optimal. Bei der Verwendung von nicht liposomalen Erg\u00e4nzungsmitteln ist die Bioverf\u00fcgbarkeit deutlich geringer. Ein gro\u00dfer Teil von ihnen geht \u00fcber die Ausscheidung wieder verloren, und der K\u00f6rper kann sie nicht verarbeiten.<\/p><p>Bevor Sie Ihrem Kind Liposomen verabreichen, m\u00fcssen Sie es jedoch vorher informieren. Aufgrund der unterschiedlichen Formulierungen und Zusammensetzung kann keine allgemeine Aussage \u00fcber eine bessere Bioverf\u00fcgbarkeit getroffen werden. In Kombination mit Curcumin oder Vitamin C kann die Wirkung zum Beispiel signifikant und nachgewiesenerweise erh\u00f6ht werden.<\/p><h2>Haben zus\u00e4tzliche Vitamine f\u00fcr Kinder in Form von Pr\u00e4paraten einen Nutzen?<\/h2><p><img decoding=\"async\" class=\"aligncenter wp-image-63405 size-full\" title=\"Verschiedene Supplements auf einem L\u00f6ffel\" src=\"https:\/\/dualdiagnosis.org\/wp-content\/uploads\/2022\/05\/Vitamine-fuer-Kinder-Supplements.png\" alt=\"Vitamine fuer Kinder Supplements\" width=\"700\" height=\"350\" srcset=\"https:\/\/dualdiagnosis.org\/wp-content\/uploads\/2022\/05\/Vitamine-fuer-Kinder-Supplements.png 700w, https:\/\/dualdiagnosis.org\/wp-content\/uploads\/2022\/05\/Vitamine-fuer-Kinder-Supplements-300x150.png 300w, https:\/\/dualdiagnosis.org\/wp-content\/uploads\/2022\/05\/Vitamine-fuer-Kinder-Supplements-660x330.png 660w\" sizes=\"(max-width: 700px) 100vw, 700px\" \/><\/p><p>Nahrungserg\u00e4nzungsmittel sind &#8211; wie von Anbietern und Verbraucherorganisationen auch angegeben &#8211; kein Ersatz f\u00fcr eine gesunde Ern\u00e4hrung. Verbrauchersch\u00fctzer argumentieren jedoch, dass bei einer gesunden Ern\u00e4hrung die Verwendung von Nahrungserg\u00e4nzungsmitteln v\u00f6llig unn\u00f6tig ist, insbesondere bei Kindern. Es stellt sich die Frage, ob es Studien gibt, die in dieser Hinsicht n\u00fctzliche Erkenntnisse liefern &#8211; und die gibt es tats\u00e4chlich.<\/p><p>So hat die Stiftung Warentest eine Reihe von Nahrungserg\u00e4nzungsmitteln mit Vitaminpr\u00e4paraten f\u00fcr Kinder genauer unter die Lupe genommen. Es stellte sich heraus, dass die getesteten Produkte im besten Fall unbrauchbar waren und im schlimmsten Fall sogar gesundheitliche Probleme verursachen konnten. Aber ist es m\u00f6glich, eine so pauschale Aussage zu treffen?<\/p><p>Das ist schwierig, vor allem, wenn sie sich nur auf die Produkte selbst und nicht auf die Situation ihrer Nutzer bezieht.Ein Kind, das einen Sportverein besucht &#8211; vor allem in der Wachstumsphase und wenn es auch sportlich sehr aktiv ist &#8211; kann kurzfristig eine zus\u00e4tzliche Dosis Magnesium oder Kalzium ben\u00f6tigen.<\/p><p>Das Problem ist, dass es kaum wissenschaftliche Beweise f\u00fcr die tats\u00e4chliche Wirkung dieser speziellen Vitamine f\u00fcr Kinder gibt. Ein Grund daf\u00fcr ist, dass solche Experimente an Kindern h\u00f6chst unethisch w\u00e4ren. Es gibt jedoch einige N\u00e4hrstoffe, bei denen die Hersteller sogar mit unterschiedlichen Wirkungen ihrer Vitaminpr\u00e4parate werben k\u00f6nnen. Daher ist es rechtlich zul\u00e4ssig, solche Angaben f\u00fcr die folgenden Inhaltsstoffe zu machen:<\/p><ul><li><strong>Eisen:<\/strong> Als Mineralstoff tr\u00e4gt es zur normalen kognitiven Entwicklung von Kindern bei<\/li><li><strong>Jod:<\/strong> ist ein wichtiges Element f\u00fcr ein normales Wachstum<\/li><li><strong>Omega-3-Fetts\u00e4uren:<\/strong> Der K\u00f6rper braucht sie f\u00fcr ein gesundes Wachstum und eine gesunde Entwicklung<\/li><li><strong>DHA &#8211; eine Omega-3-Fetts\u00e4ure, die aus der Alpha-Linolens\u00e4ure gebildet wird:<\/strong> unterst\u00fctzt die normale Entwicklung des Sehverm\u00f6gens bei Kindern bis zum Alter von 12 Monaten. Das Gleiche gilt, wenn die Mutter w\u00e4hrend der Schwangerschaft DHA f\u00fcr den F\u00f6tus oder das Baby w\u00e4hrend des Stillens einnimmt. Au\u00dferdem tr\u00e4gt die Einnahme von DHA durch die Mutter zu einer normalen Gehirnentwicklung des F\u00f6tus oder des gestillten Kindes bei.<\/li><li><strong>Kalzium, Vitamin D (auch in Kombination), Phosphor, Eiwei\u00df:<\/strong> Diese Vitamine sind nachweislich wichtig f\u00fcr ein gesundes Knochenwachstum und eine gesunde Entwicklung<\/li><li><strong>Vitamin D:<\/strong> Vitamin D tr\u00e4gt zu einer normalen Immunfunktion bei Kindern bei<\/li><\/ul>\t\t\t\t\t\t<\/div>\n\t\t\t\t<\/div>\n\t\t\t\t<div class=\"elementor-element elementor-element-df90728 elementor-widget elementor-widget-text-editor\" data-id=\"df90728\" data-element_type=\"widget\" data-widget_type=\"text-editor.default\">\n\t\t\t\t<div class=\"elementor-widget-container\">\n\t\t\t\t\t\t\t<p>Es gibt sogar entsprechende, feste Formulierungen, die die Anbieter verwenden d\u00fcrfen. Kritiker weisen an dieser Stelle vor allem darauf hin, dass keines der genannten Vitamine oder N\u00e4hrstoffe in gro\u00dfen Mengen zu einer \u00fcberdurchschnittlichen Entwicklung f\u00fchrt &#8211; alle diese N\u00e4hrstoffe sorgen lediglich f\u00fcr eine normale menschliche Entwicklung.<\/p><p>Aus ihrer Sicht sollten Kinder daher ausreichend mit den notwendigen Mineralien und Vitaminen versorgt werden. Es stimmt auch, dass Nahrungserg\u00e4nzungsmittel, vor allem bei einer bereits vitamin- und mineralstoffreichen Ern\u00e4hrung, schnell zu einer \u00dcberdosierung verschiedener Vitamine oder Mineralstoffe f\u00fchren k\u00f6nnen.<\/p><h2>Gibt es Studien \u00fcber Vitamine f\u00fcr Kinder?<\/h2><p>Im Allgemeinen wird berichtet, dass deutsche Kinder die notwendigen Vitamine und Mineralstoffe recht gut erhalten. Nach Angaben der Verbraucherzentralen gibt es jedoch bestimmte Vitamine, bei denen Kinder im Durchschnitt die empfohlene Tagesdosis nicht erreichen. Diese sind:<\/p><ul><li>Folat (oder Fols\u00e4ure)<\/li><li>Vitamin D<\/li><li>Kalzium<\/li><li>Eisen<\/li><li>Jod<\/li><\/ul>\t\t\t\t\t\t<\/div>\n\t\t\t\t<\/div>\n\t\t\t\t<div class=\"elementor-element elementor-element-8c0f3bf elementor-widget elementor-widget-text-editor\" data-id=\"8c0f3bf\" data-element_type=\"widget\" data-widget_type=\"text-editor.default\">\n\t\t\t\t<div class=\"elementor-widget-container\">\n\t\t\t\t\t\t\t<p>Eine Unterversorgung dieser Vitamine und Mineralstoffe kann sehr gef\u00e4hrlich sein. So wird beispielsweise vermutet, dass eine unzureichende Zufuhr von Fols\u00e4ure die DNA-Replikation beeintr\u00e4chtigt und damit zur Entstehung von Krebs beitr\u00e4gt. Neben diesen Bereichen, in denen die empfohlene durchschnittliche Tageszufuhr nicht erreicht wird, gibt es auch Situationen, in denen Kinder besonders hohe Mengen bestimmter Mineralstoffe zu sich nehmen sollten.<\/p><p>So k\u00f6nnen beispielsweise Kinder, die zus\u00e4tzlich zu ihren &#8222;normalen&#8220; Spielt\u00e4tigkeiten in einem Sportverein Sport treiben und regelm\u00e4\u00dfig sehr sportlich aktiv sind, schnell einen Magnesiummangel entwickeln. Die ersten Symptome sind in der Regel Wadenkr\u00e4mpfe w\u00e4hrend oder nach dem Sport. Letztlich stellt sich die Frage, ob es sinnvoll ist, diese kleinen oder manchmal auch gr\u00f6\u00dferen Defizite mit Nahrungserg\u00e4nzungsmitteln auszugleichen.<\/p><h2>Was sind die Vor- und Nachteile von Vitaminpr\u00e4paraten f\u00fcr Kinder?<\/h2><p>Letztendlich sollten Sie immer die Vor- und Nachteile abw\u00e4gen, ob in Ihrem speziellen Fall die Gabe zus\u00e4tzlicher Vitamine f\u00fcr Kinder sinnvoll ist, oder nicht. Im Folgenden haben wir die wichtigsten Vor- und Nachteile noch einmal kurz aufgef\u00fchrt.<\/p><h3>Vorteile<\/h3><ul><li>Die Verabreichung von Fluorid und Vitamin D, insbesondere an S\u00e4uglinge und Kleinkinder, kann sie vor Krankheiten wie Rachitis und Karies sch\u00fctzen.<\/li><li>Gerade in den Phasen, in denen Kinder Schwierigkeiten haben, sich gesund zu ern\u00e4hren, k\u00f6nnen Vitamine f\u00fcr Kinder eine gute \u00dcberbr\u00fcckung sein &#8211; vorausgesetzt, es handelt sich wirklich nur um eine sehr kurze Phase und die Erziehung wird dabei beachtet.<\/li><li>Auf diese Weise kann einem Mangel an verschiedenen N\u00e4hrstoffen vorgebeugt werden, zumal sich gezeigt hat, dass das durchschnittliche Kind in einigen Bereichen die empfohlene Tagesdosis nicht erreicht.<\/li><li>Supplementierung kann ein gutes Mittel sein, um kurzfristig einen erh\u00f6hten Bedarf auszugleichen, zum Beispiel w\u00e4hrend eines Wachstumsschubs oder w\u00e4hrend Belastungsspitzen bei sportlichen Aktivit\u00e4ten.<\/li><\/ul>\t\t\t\t\t\t<\/div>\n\t\t\t\t<\/div>\n\t\t\t\t<div class=\"elementor-element elementor-element-2ac8875 elementor-widget elementor-widget-text-editor\" data-id=\"2ac8875\" data-element_type=\"widget\" data-widget_type=\"text-editor.default\">\n\t\t\t\t<div class=\"elementor-widget-container\">\n\t\t\t\t\t\t\t<h3>Nachteile<\/h3><ul><li>Die Verwendung zus\u00e4tzlicher Vitamine f\u00fcr Kinder ist wissenschaftlich nicht abschlie\u00dfend gekl\u00e4rt. Eine ausreichende Zufuhr von Vitaminen kann nur zu einer normalen Entwicklung f\u00fchren &#8211; eine bessere oder schnellere Entwicklung oder eine bessere Leistung kann nicht durch &#8222;mehr&#8220; Vitamine erreicht werden.<\/li><li>Die regelm\u00e4\u00dfige Einnahme von Nahrungserg\u00e4nzungsmitteln kann bei einem Kind auch schnell den Eindruck erwecken, dass Tabletten, S\u00e4fte oder &#8222;S\u00fc\u00dfigkeiten&#8220; eine gesunde Ern\u00e4hrung ersetzen.<\/li><li>Es kann generell schnell zu einer \u00dcberdosierung wichtiger Vitamine und N\u00e4hrstoffe f\u00fchren.<\/li><li>Mit Vitaminen angereicherte S\u00e4fte und Joghurts sind oft schmackhaft und s\u00e4ttigend und k\u00f6nnen entsprechende Pr\u00e4parate ersetzen.<\/li><\/ul>\t\t\t\t\t\t<\/div>\n\t\t\t\t<\/div>\n\t\t\t\t<div class=\"elementor-element elementor-element-2d40832 elementor-widget elementor-widget-text-editor\" data-id=\"2d40832\" data-element_type=\"widget\" data-widget_type=\"text-editor.default\">\n\t\t\t\t<div class=\"elementor-widget-container\">\n\t\t\t\t\t\t\t<h2>K\u00f6nnen Vitamine f\u00fcr Kinder gef\u00e4hrlich sein?<br \/><iframe title=\"YouTube video player\" src=\"https:\/\/www.youtube.com\/embed\/jBKB9a6DbqE\" width=\"1163\" height=\"654\" frameborder=\"0\" allowfullscreen=\"allowfullscreen\"><\/iframe><\/h2><p>Manche Eltern denken, wenn Vitamine gut f\u00fcr ihr Kind sind, seien noch viel mehr Vitamine entsprechend besser f\u00fcr die Nachkommen. Leider ist dies nur teilweise richtig. Der K\u00f6rper kann viele Vitamine und vor allem Mineralstoffe nicht speichern. Wir verbrauchen jedoch nicht mehr als n\u00f6tig. Dies f\u00fchrt dazu, dass sich einige Vitamine und Mineralien im K\u00f6rper anreichern, was auf Dauer sogar sch\u00e4dlich sein kann.<\/p><p>In anderen F\u00e4llen werden die \u00fcbersch\u00fcssigen Vitamine und Mineralien einfach \u00fcber die Nieren ausgeschieden. Dies kann zu einer \u00dcberbelastung der Nieren f\u00fchren, insbesondere bei Kindern. Die Deutsche Gesellschaft f\u00fcr Ern\u00e4hrung hat Richtwerte f\u00fcr Vitamine, Mineralstoffe und Spurenelemente ver\u00f6ffentlicht, nach denen die t\u00e4gliche Zufuhr eingehalten, aber nicht \u00fcberschritten werden sollte.<\/p><p>Diese Werte sind f\u00fcr gew\u00f6hnlich so hoch bemessen, dass ein Kind keine Mangelerscheinungen zeigt, auch wenn der tats\u00e4chlich vorliegende Wert leicht darunter liegt. Allerdings sollten diese Werte nicht zu sehr \u00fcberschritten werden &#8211; sonst k\u00f6nnen Nebenwirkungen auftreten, die Eltern bei der Verabreichung entsprechender Pr\u00e4parate oder Vitamine f\u00fcr Kinder nicht direkt damit in Verbindung bringen.<\/p><h2>Vitamine f\u00fcr Kinder: Unser Fazit<\/h2><p>Vitamine f\u00fcr Kinder sind in erster Linie etwas, das sich werbewirksam verkaufen l\u00e4sst. Es gibt sicherlich Situationen, in denen eine Vitaminerg\u00e4nzung f\u00fcr Kinder von Vorteil sein kann. Vor allem Kinder\u00e4rzte empfehlen, S\u00e4uglingen und Kleinkindern Fluorid und Vitamin D zu verabreichen, und zwar nicht als Nahrungserg\u00e4nzungsmittel, sondern als zugelassenes Arzneimittel.<\/p><p>Es ist schwierig zu sagen, inwieweit die Einnahme von Vitaminen Ihrem Kind helfen oder n\u00fctzen wird, da es in vielen Bereichen einfach keine zuverl\u00e4ssigen wissenschaftlichen Beweise gibt. So gibt es beispielsweise immer noch keine wissenschaftlichen Beweise f\u00fcr einen wirklichen Nutzen von Vitamin-C-Pr\u00e4paraten bei der Behandlung von Grippe &#8211; auch wenn die Werbung uns das weismachen will. Doch gerade in Zeiten wie diesen d\u00fcrfen wir die (positive) Kraft der Gedanken nicht vergessen.<\/p><p>Ein erk\u00e4ltetes Kind, das sich auf ein Vitaminpr\u00e4parat verl\u00e4sst, ist wahrscheinlich positiver gestimmt und erholt sich schneller als ein Kind, das die Erk\u00e4ltung allein bew\u00e4ltigen muss, ungeachtet der wissenschaftlichen Beweise. Generell sollten Sie darauf achten, welche Nahrungsmittel und Nahrungserg\u00e4nzungsmittel Sie Ihrem Kind in diesem Zeitraum geben.<\/p><p>Wenn Sie Vitaminpr\u00e4parate f\u00fcr Kinder verwenden, achten Sie darauf, dass Sie zu dieser Zeit keine mit Vitaminen angereicherten Lebensmittel oder Vitamins\u00e4fte anbieten. Andernfalls besteht die Gefahr einer \u00dcberdosierung der verschiedenen Inhaltsstoffe. Grunds\u00e4tzlich ist es ratsam, die tats\u00e4chlichen Vor- und Nachteile mit dem behandelnden Kinderarzt zu besprechen, bevor man dem Kind eine l\u00e4ngerfristige Dosis zus\u00e4tzlicher Vitamine gibt.<\/p><p>Wenn Ihr Kind jedoch \u00fcber Kr\u00e4mpfe klagen sollte, schadet eine einmalige Gabe von Magnesium nicht, sondern hilft nur, einen akuten Mangel auszugleichen. Es ist wichtig, hier behutsam vorzugehen. Vor allem wichtig ist, dass Vitamine f\u00fcr Kinder in Form von Nahrungserg\u00e4nzungsmitteln oder mit Vitaminen angereicherten Lebensmitteln niemals als Ausrede daf\u00fcr benutzt werden, auf eine gesunde und ausgewogene Ern\u00e4hrung zu verzichten.<\/p>\t\t\t\t\t\t<\/div>\n\t\t\t\t<\/div>\n\t\t\t\t\t<\/div>\n\t\t<\/div>\n\t\t\t\t\t<\/div>\n\t\t<\/section>\n\t\t\t\t<\/div>\n\t\t","protected":false},"excerpt":{"rendered":"<p>Vitamine f\u00fcr Kinder sind ein oft diskutiertes Thema. Jeder, der Kinder hat, wei\u00df, dass es nicht immer einfach ist, sie dazu zu bringen, sich wirklich gesund zu ern\u00e4hren. Zum einen schmeckt Gem\u00fcse nicht ann\u00e4hernd so gut wie Chips oder S\u00fc\u00dfigkeiten &#8211; Und Obst ist oft nicht so verlockend wie andere relativ ungesunde Lebensmittel. Selbst das &#8230; <a title=\"So wichtig sind Vitamine f\u00fcr Kinder &#8211; Alle Fakten, Fragen und Antworten\" class=\"read-more\" href=\"https:\/\/dualdiagnosis.org\/de\/ratgeber\/vitamine-fuer-kinder\/\" aria-label=\"Mehr zu So wichtig sind Vitamine f\u00fcr Kinder &#8211; Alle Fakten, Fragen und Antworten\">Weiterlesen &#8230;<\/a><\/p>\n","protected":false},"author":5,"featured_media":63433,"comment_status":"open","ping_status":"open","sticky":false,"template":"","format":"standard","meta":{"footnotes":""},"categories":[65],"tags":[],"class_list":["post-61475","post","type-post","status-publish","format-standard","has-post-thumbnail","hentry","category-ratgeber"],"yoast_head":"<!-- This site is optimized with the Yoast SEO plugin v23.0 - https:\/\/yoast.com\/wordpress\/plugins\/seo\/ -->\n<title>Die wichtigsten Vitamine f\u00fcr Kinder - Alle Fakten in unserem Ratgeber!<\/title>\n<meta name=\"description\" content=\"Diese Vitamine f\u00fcr Kinder sind besonders wichtig! - Alle Fakten, Fragen und Antworten in unserem Beitrag 2024!\" \/>\n<meta name=\"robots\" content=\"index, follow, max-snippet:-1, max-image-preview:large, max-video-preview:-1\" \/>\n<link rel=\"canonical\" href=\"https:\/\/dualdiagnosis.org\/de\/ratgeber\/vitamine-fuer-kinder\/\" \/>\n<meta name=\"twitter:label1\" content=\"Verfasst von\" \/>\n\t<meta name=\"twitter:data1\" content=\"Ben Lesser\" \/>\n\t<meta name=\"twitter:label2\" content=\"Gesch\u00e4tzte Lesezeit\" \/>\n\t<meta name=\"twitter:data2\" content=\"13\u00a0Minuten\" \/>\n<script type=\"application\/ld+json\" class=\"yoast-schema-graph\">{\"@context\":\"https:\/\/schema.org\",\"@graph\":[{\"@type\":\"Article\",\"@id\":\"https:\/\/dualdiagnosis.org\/de\/ratgeber\/vitamine-fuer-kinder\/#article\",\"isPartOf\":{\"@id\":\"https:\/\/dualdiagnosis.org\/de\/ratgeber\/vitamine-fuer-kinder\/\"},\"author\":{\"name\":\"Ben Lesser\",\"@id\":\"https:\/\/dualdiagnosis.org\/de\/#\/schema\/person\/80883be85982ce1aee2d717da7e1838f\"},\"headline\":\"So wichtig sind Vitamine f\u00fcr Kinder &#8211; Alle Fakten, Fragen und Antworten\",\"datePublished\":\"2024-03-03T03:24:36+00:00\",\"dateModified\":\"2024-03-04T07:24:59+00:00\",\"mainEntityOfPage\":{\"@id\":\"https:\/\/dualdiagnosis.org\/de\/ratgeber\/vitamine-fuer-kinder\/\"},\"wordCount\":2449,\"commentCount\":0,\"publisher\":{\"@id\":\"https:\/\/dualdiagnosis.org\/de\/#organization\"},\"image\":{\"@id\":\"https:\/\/dualdiagnosis.org\/de\/ratgeber\/vitamine-fuer-kinder\/#primaryimage\"},\"thumbnailUrl\":\"https:\/\/dualdiagnosis.org\/wp-content\/uploads\/2022\/05\/Vitamine-fuer-Kinder-Titelbild.png\",\"articleSection\":[\"Ratgeber\"],\"inLanguage\":\"de\",\"potentialAction\":[{\"@type\":\"CommentAction\",\"name\":\"Comment\",\"target\":[\"https:\/\/dualdiagnosis.org\/de\/ratgeber\/vitamine-fuer-kinder\/#respond\"]}]},{\"@type\":\"WebPage\",\"@id\":\"https:\/\/dualdiagnosis.org\/de\/ratgeber\/vitamine-fuer-kinder\/\",\"url\":\"https:\/\/dualdiagnosis.org\/de\/ratgeber\/vitamine-fuer-kinder\/\",\"name\":\"Die wichtigsten Vitamine f\u00fcr Kinder - Alle Fakten in unserem Ratgeber!\",\"isPartOf\":{\"@id\":\"https:\/\/dualdiagnosis.org\/de\/#website\"},\"primaryImageOfPage\":{\"@id\":\"https:\/\/dualdiagnosis.org\/de\/ratgeber\/vitamine-fuer-kinder\/#primaryimage\"},\"image\":{\"@id\":\"https:\/\/dualdiagnosis.org\/de\/ratgeber\/vitamine-fuer-kinder\/#primaryimage\"},\"thumbnailUrl\":\"https:\/\/dualdiagnosis.org\/wp-content\/uploads\/2022\/05\/Vitamine-fuer-Kinder-Titelbild.png\",\"datePublished\":\"2024-03-03T03:24:36+00:00\",\"dateModified\":\"2024-03-04T07:24:59+00:00\",\"description\":\"Diese Vitamine f\u00fcr Kinder sind besonders wichtig! - Alle Fakten, Fragen und Antworten in unserem Beitrag 2024!\",\"breadcrumb\":{\"@id\":\"https:\/\/dualdiagnosis.org\/de\/ratgeber\/vitamine-fuer-kinder\/#breadcrumb\"},\"inLanguage\":\"de\",\"potentialAction\":[{\"@type\":\"ReadAction\",\"target\":[\"https:\/\/dualdiagnosis.org\/de\/ratgeber\/vitamine-fuer-kinder\/\"]}]},{\"@type\":\"ImageObject\",\"inLanguage\":\"de\",\"@id\":\"https:\/\/dualdiagnosis.org\/de\/ratgeber\/vitamine-fuer-kinder\/#primaryimage\",\"url\":\"https:\/\/dualdiagnosis.org\/wp-content\/uploads\/2022\/05\/Vitamine-fuer-Kinder-Titelbild.png\",\"contentUrl\":\"https:\/\/dualdiagnosis.org\/wp-content\/uploads\/2022\/05\/Vitamine-fuer-Kinder-Titelbild.png\",\"width\":700,\"height\":350,\"caption\":\"Vitamine fuer Kinder Titelbild\"},{\"@type\":\"BreadcrumbList\",\"@id\":\"https:\/\/dualdiagnosis.org\/de\/ratgeber\/vitamine-fuer-kinder\/#breadcrumb\",\"itemListElement\":[{\"@type\":\"ListItem\",\"position\":1,\"name\":\"Home\",\"item\":\"https:\/\/dualdiagnosis.org\/de\/\"},{\"@type\":\"ListItem\",\"position\":2,\"name\":\"So wichtig sind Vitamine f\u00fcr Kinder &#8211; Alle Fakten, Fragen und Antworten\"}]},{\"@type\":\"WebSite\",\"@id\":\"https:\/\/dualdiagnosis.org\/de\/#website\",\"url\":\"https:\/\/dualdiagnosis.org\/de\/\",\"name\":\"Dualdiagnosis.org\",\"description\":\"Dual Diagnosis: Home\",\"publisher\":{\"@id\":\"https:\/\/dualdiagnosis.org\/de\/#organization\"},\"potentialAction\":[{\"@type\":\"SearchAction\",\"target\":{\"@type\":\"EntryPoint\",\"urlTemplate\":\"https:\/\/dualdiagnosis.org\/de\/?s={search_term_string}\"},\"query-input\":\"required name=search_term_string\"}],\"inLanguage\":\"de\"},{\"@type\":\"Organization\",\"@id\":\"https:\/\/dualdiagnosis.org\/de\/#organization\",\"name\":\"Foundations Recovery Network\",\"url\":\"https:\/\/dualdiagnosis.org\/de\/\",\"logo\":{\"@type\":\"ImageObject\",\"inLanguage\":\"de\",\"@id\":\"https:\/\/dualdiagnosis.org\/de\/#\/schema\/logo\/image\/\",\"url\":\"https:\/\/dualdiagnosis.org\/wp-content\/uploads\/2021\/03\/Dualdiagnosis-Logo.png\",\"contentUrl\":\"https:\/\/dualdiagnosis.org\/wp-content\/uploads\/2021\/03\/Dualdiagnosis-Logo.png\",\"width\":1150,\"height\":264,\"caption\":\"Foundations Recovery Network\"},\"image\":{\"@id\":\"https:\/\/dualdiagnosis.org\/de\/#\/schema\/logo\/image\/\"},\"sameAs\":[\"https:\/\/www.facebook.com\/Dual-Diagnosis-100246328793889\",\"https:\/\/x.com\/DiagnosisDual\"]},{\"@type\":\"Person\",\"@id\":\"https:\/\/dualdiagnosis.org\/de\/#\/schema\/person\/80883be85982ce1aee2d717da7e1838f\",\"name\":\"Ben Lesser\",\"image\":{\"@type\":\"ImageObject\",\"inLanguage\":\"de\",\"@id\":\"https:\/\/dualdiagnosis.org\/de\/#\/schema\/person\/image\/\",\"url\":\"https:\/\/secure.gravatar.com\/avatar\/d761cc2d01ed47f79749f689308a0b4344ee8dae3860e0cf8d51a1124644213c?s=96&r=g\",\"contentUrl\":\"https:\/\/secure.gravatar.com\/avatar\/d761cc2d01ed47f79749f689308a0b4344ee8dae3860e0cf8d51a1124644213c?s=96&r=g\",\"caption\":\"Ben Lesser\"},\"description\":\"Ben Lesser ist einer der gefragtesten Experten im Bereich Gesundheit, Fitness und Medizin. Seine Artikel \u00fcberzeugen durch einzigartige Recherchearbeiten sowie praxiserprobte F\u00e4higkeiten. Er ist freiberuflicher medizinischer Autor, der sich auf die Erstellung von Inhalten zur Verbesserung des \u00f6ffentlichen Bewusstseins f\u00fcr Gesundheitsthemen spezialisiert hat. Wir haben die Ehre dass Ben exklusiv und ausschlie\u00dflich f\u00fcr Dualdiagnosis.org Texte verfasst.\",\"sameAs\":[\"https:\/\/www.facebook.com\/people\/Dual-Diagnosis\/100064899908835\/\",\"https:\/\/www.linkedin.com\/in\/ben-lesser-b3b9a4225\/\",\"https:\/\/x.com\/Ben DE\"],\"url\":\"https:\/\/dualdiagnosis.org\/de\/author\/ben-de\/\"}]}<\/script>\n<!-- \/ Yoast SEO plugin. -->","yoast_head_json":{"title":"Die wichtigsten Vitamine f\u00fcr Kinder - Alle Fakten in unserem Ratgeber!","description":"Diese Vitamine f\u00fcr Kinder sind besonders wichtig! - Alle Fakten, Fragen und Antworten in unserem Beitrag 2024!","robots":{"index":"index","follow":"follow","max-snippet":"max-snippet:-1","max-image-preview":"max-image-preview:large","max-video-preview":"max-video-preview:-1"},"canonical":"https:\/\/dualdiagnosis.org\/de\/ratgeber\/vitamine-fuer-kinder\/","twitter_misc":{"Verfasst von":"Ben Lesser","Gesch\u00e4tzte Lesezeit":"13\u00a0Minuten"},"schema":{"@context":"https:\/\/schema.org","@graph":[{"@type":"Article","@id":"https:\/\/dualdiagnosis.org\/de\/ratgeber\/vitamine-fuer-kinder\/#article","isPartOf":{"@id":"https:\/\/dualdiagnosis.org\/de\/ratgeber\/vitamine-fuer-kinder\/"},"author":{"name":"Ben Lesser","@id":"https:\/\/dualdiagnosis.org\/de\/#\/schema\/person\/80883be85982ce1aee2d717da7e1838f"},"headline":"So wichtig sind Vitamine f\u00fcr Kinder &#8211; Alle Fakten, Fragen und Antworten","datePublished":"2024-03-03T03:24:36+00:00","dateModified":"2024-03-04T07:24:59+00:00","mainEntityOfPage":{"@id":"https:\/\/dualdiagnosis.org\/de\/ratgeber\/vitamine-fuer-kinder\/"},"wordCount":2449,"commentCount":0,"publisher":{"@id":"https:\/\/dualdiagnosis.org\/de\/#organization"},"image":{"@id":"https:\/\/dualdiagnosis.org\/de\/ratgeber\/vitamine-fuer-kinder\/#primaryimage"},"thumbnailUrl":"https:\/\/dualdiagnosis.org\/wp-content\/uploads\/2022\/05\/Vitamine-fuer-Kinder-Titelbild.png","articleSection":["Ratgeber"],"inLanguage":"de","potentialAction":[{"@type":"CommentAction","name":"Comment","target":["https:\/\/dualdiagnosis.org\/de\/ratgeber\/vitamine-fuer-kinder\/#respond"]}]},{"@type":"WebPage","@id":"https:\/\/dualdiagnosis.org\/de\/ratgeber\/vitamine-fuer-kinder\/","url":"https:\/\/dualdiagnosis.org\/de\/ratgeber\/vitamine-fuer-kinder\/","name":"Die wichtigsten Vitamine f\u00fcr Kinder - Alle Fakten in unserem Ratgeber!","isPartOf":{"@id":"https:\/\/dualdiagnosis.org\/de\/#website"},"primaryImageOfPage":{"@id":"https:\/\/dualdiagnosis.org\/de\/ratgeber\/vitamine-fuer-kinder\/#primaryimage"},"image":{"@id":"https:\/\/dualdiagnosis.org\/de\/ratgeber\/vitamine-fuer-kinder\/#primaryimage"},"thumbnailUrl":"https:\/\/dualdiagnosis.org\/wp-content\/uploads\/2022\/05\/Vitamine-fuer-Kinder-Titelbild.png","datePublished":"2024-03-03T03:24:36+00:00","dateModified":"2024-03-04T07:24:59+00:00","description":"Diese Vitamine f\u00fcr Kinder sind besonders wichtig! - Alle Fakten, Fragen und Antworten in unserem Beitrag 2024!","breadcrumb":{"@id":"https:\/\/dualdiagnosis.org\/de\/ratgeber\/vitamine-fuer-kinder\/#breadcrumb"},"inLanguage":"de","potentialAction":[{"@type":"ReadAction","target":["https:\/\/dualdiagnosis.org\/de\/ratgeber\/vitamine-fuer-kinder\/"]}]},{"@type":"ImageObject","inLanguage":"de","@id":"https:\/\/dualdiagnosis.org\/de\/ratgeber\/vitamine-fuer-kinder\/#primaryimage","url":"https:\/\/dualdiagnosis.org\/wp-content\/uploads\/2022\/05\/Vitamine-fuer-Kinder-Titelbild.png","contentUrl":"https:\/\/dualdiagnosis.org\/wp-content\/uploads\/2022\/05\/Vitamine-fuer-Kinder-Titelbild.png","width":700,"height":350,"caption":"Vitamine fuer Kinder Titelbild"},{"@type":"BreadcrumbList","@id":"https:\/\/dualdiagnosis.org\/de\/ratgeber\/vitamine-fuer-kinder\/#breadcrumb","itemListElement":[{"@type":"ListItem","position":1,"name":"Home","item":"https:\/\/dualdiagnosis.org\/de\/"},{"@type":"ListItem","position":2,"name":"So wichtig sind Vitamine f\u00fcr Kinder &#8211; Alle Fakten, Fragen und Antworten"}]},{"@type":"WebSite","@id":"https:\/\/dualdiagnosis.org\/de\/#website","url":"https:\/\/dualdiagnosis.org\/de\/","name":"Dualdiagnosis.org","description":"Dual Diagnosis: Home","publisher":{"@id":"https:\/\/dualdiagnosis.org\/de\/#organization"},"potentialAction":[{"@type":"SearchAction","target":{"@type":"EntryPoint","urlTemplate":"https:\/\/dualdiagnosis.org\/de\/?s={search_term_string}"},"query-input":"required name=search_term_string"}],"inLanguage":"de"},{"@type":"Organization","@id":"https:\/\/dualdiagnosis.org\/de\/#organization","name":"Foundations Recovery Network","url":"https:\/\/dualdiagnosis.org\/de\/","logo":{"@type":"ImageObject","inLanguage":"de","@id":"https:\/\/dualdiagnosis.org\/de\/#\/schema\/logo\/image\/","url":"https:\/\/dualdiagnosis.org\/wp-content\/uploads\/2021\/03\/Dualdiagnosis-Logo.png","contentUrl":"https:\/\/dualdiagnosis.org\/wp-content\/uploads\/2021\/03\/Dualdiagnosis-Logo.png","width":1150,"height":264,"caption":"Foundations Recovery Network"},"image":{"@id":"https:\/\/dualdiagnosis.org\/de\/#\/schema\/logo\/image\/"},"sameAs":["https:\/\/www.facebook.com\/Dual-Diagnosis-100246328793889","https:\/\/x.com\/DiagnosisDual"]},{"@type":"Person","@id":"https:\/\/dualdiagnosis.org\/de\/#\/schema\/person\/80883be85982ce1aee2d717da7e1838f","name":"Ben Lesser","image":{"@type":"ImageObject","inLanguage":"de","@id":"https:\/\/dualdiagnosis.org\/de\/#\/schema\/person\/image\/","url":"https:\/\/secure.gravatar.com\/avatar\/d761cc2d01ed47f79749f689308a0b4344ee8dae3860e0cf8d51a1124644213c?s=96&r=g","contentUrl":"https:\/\/secure.gravatar.com\/avatar\/d761cc2d01ed47f79749f689308a0b4344ee8dae3860e0cf8d51a1124644213c?s=96&r=g","caption":"Ben Lesser"},"description":"Ben Lesser ist einer der gefragtesten Experten im Bereich Gesundheit, Fitness und Medizin. Seine Artikel \u00fcberzeugen durch einzigartige Recherchearbeiten sowie praxiserprobte F\u00e4higkeiten. Er ist freiberuflicher medizinischer Autor, der sich auf die Erstellung von Inhalten zur Verbesserung des \u00f6ffentlichen Bewusstseins f\u00fcr Gesundheitsthemen spezialisiert hat. Wir haben die Ehre dass Ben exklusiv und ausschlie\u00dflich f\u00fcr Dualdiagnosis.org Texte verfasst.","sameAs":["https:\/\/www.facebook.com\/people\/Dual-Diagnosis\/100064899908835\/","https:\/\/www.linkedin.com\/in\/ben-lesser-b3b9a4225\/","https:\/\/x.com\/Ben DE"],"url":"https:\/\/dualdiagnosis.org\/de\/author\/ben-de\/"}]}},"_links":{"self":[{"href":"https:\/\/dualdiagnosis.org\/de\/wp-json\/wp\/v2\/posts\/61475","targetHints":{"allow":["GET"]}}],"collection":[{"href":"https:\/\/dualdiagnosis.org\/de\/wp-json\/wp\/v2\/posts"}],"about":[{"href":"https:\/\/dualdiagnosis.org\/de\/wp-json\/wp\/v2\/types\/post"}],"author":[{"embeddable":true,"href":"https:\/\/dualdiagnosis.org\/de\/wp-json\/wp\/v2\/users\/5"}],"replies":[{"embeddable":true,"href":"https:\/\/dualdiagnosis.org\/de\/wp-json\/wp\/v2\/comments?post=61475"}],"version-history":[{"count":0,"href":"https:\/\/dualdiagnosis.org\/de\/wp-json\/wp\/v2\/posts\/61475\/revisions"}],"wp:featuredmedia":[{"embeddable":true,"href":"https:\/\/dualdiagnosis.org\/de\/wp-json\/wp\/v2\/media\/63433"}],"wp:attachment":[{"href":"https:\/\/dualdiagnosis.org\/de\/wp-json\/wp\/v2\/media?parent=61475"}],"wp:term":[{"taxonomy":"category","embeddable":true,"href":"https:\/\/dualdiagnosis.org\/de\/wp-json\/wp\/v2\/categories?post=61475"},{"taxonomy":"post_tag","embeddable":true,"href":"https:\/\/dualdiagnosis.org\/de\/wp-json\/wp\/v2\/tags?post=61475"}],"curies":[{"name":"wp","href":"https:\/\/api.w.org\/{rel}","templated":true}]}}