{"id":69248,"date":"2024-03-03T09:39:00","date_gmt":"2024-03-03T08:39:00","guid":{"rendered":"https:\/\/dualdiagnosis.org\/?p=69248"},"modified":"2024-03-04T07:51:29","modified_gmt":"2024-03-04T06:51:29","slug":"vitamin-b3-mangel","status":"publish","type":"post","link":"https:\/\/dualdiagnosis.org\/de\/ratgeber\/vitamin-b3-mangel\/","title":{"rendered":"Vitamin B3 Mangel erkennen &#038; verhindern &#8211; Alle Fakten, Fragen und Antworten"},"content":{"rendered":"\t\t<div data-elementor-type=\"wp-post\" data-elementor-id=\"69248\" class=\"elementor elementor-69248\">\n\t\t\t\t\t\t<section class=\"elementor-section elementor-top-section elementor-element elementor-element-40705a2 elementor-section-boxed elementor-section-height-default elementor-section-height-default\" data-id=\"40705a2\" data-element_type=\"section\">\n\t\t\t\t\t\t<div class=\"elementor-container elementor-column-gap-default\">\n\t\t\t\t\t<div class=\"elementor-column elementor-col-100 elementor-top-column elementor-element elementor-element-0ab27b0\" data-id=\"0ab27b0\" data-element_type=\"column\">\n\t\t\t<div class=\"elementor-widget-wrap elementor-element-populated\">\n\t\t\t\t\t\t<div class=\"elementor-element elementor-element-5c36e2c elementor-widget elementor-widget-text-editor\" data-id=\"5c36e2c\" data-element_type=\"widget\" data-widget_type=\"text-editor.default\">\n\t\t\t\t<div class=\"elementor-widget-container\">\n\t\t\t\t\t\t\t<p>Hierzulande ist ein Vitamin B3 Mangel zwar eher selten, aber seine Folgen k\u00f6nnen schwerwiegend sein. Aminos\u00e4uren oder essentielle Vitamine und \u00d6le werden oft im Zusammenhang mit der geistigen und k\u00f6rperlichen Gesundheit erw\u00e4hnt, aber Vitamin B3 wird in diesem Zusammenhang oft nicht ber\u00fccksichtigt.<\/p><p>In diesem Artikel werden wir die Hauptfunktionen dieses Vitamins und seine wichtige Rolle erkl\u00e4ren. Er informiert Sie auch \u00fcber die Personengruppen, f\u00fcr die Vitamin B3 besonders wichtig ist und bei denen ein Mangel verheerende Folgen haben kann. In einem Kapitel lernen Sie au\u00dferdem n\u00fctzliche Ans\u00e4tze zur Behandlung und Vorbeugung von Vitamin B3 Mangel kennen.<\/p><h2>Was ist Vitamin B3?<\/h2><p><img fetchpriority=\"high\" decoding=\"async\" class=\"aligncenter wp-image-69749 size-full\" title=\"Ein Schild, auf dem B3 geschrieben steht und B3-haltige Lebensmittel\" src=\"https:\/\/dualdiagnosis.org\/wp-content\/uploads\/2022\/05\/Was-ist-Vitamin-B3-Abbild.png\" alt=\"Was ist Vitamin B3 Abbild\" width=\"700\" height=\"350\" srcset=\"https:\/\/dualdiagnosis.org\/wp-content\/uploads\/2022\/05\/Was-ist-Vitamin-B3-Abbild.png 700w, https:\/\/dualdiagnosis.org\/wp-content\/uploads\/2022\/05\/Was-ist-Vitamin-B3-Abbild-300x150.png 300w, https:\/\/dualdiagnosis.org\/wp-content\/uploads\/2022\/05\/Was-ist-Vitamin-B3-Abbild-660x330.png 660w\" sizes=\"(max-width: 700px) 100vw, 700px\" \/><\/p><p>Vitamin B3, oder Niacin, ist kein einzelnes Vitamin, sondern Nikotins\u00e4ure und Nikotinamid und deren Verbindung. Es ist ein Vitamin, das zur Gruppe der wasserl\u00f6slichen B-Vitamine geh\u00f6rt. Normalerweise produziert der K\u00f6rper keine Vitamine, aber Vitamin B3 ist in dieser Hinsicht anders, denn es wird in der Leber aus der Aminos\u00e4ure Tryptophan hergestellt. Nichtsdestotrotz kann ein Vitamin B3 Mangel ernste Beschwerden verursachen.<\/p><h2>Die wichtigsten Fakten auf einen Blick<\/h2><ul><li>Vitamin B3 ist ein wasserl\u00f6sliches B-Vitamin, das auch als Niacin bekannt ist. Vitamin B3 wird in der Leber aus Tryptophan umgewandelt und wird dann im K\u00f6rper zu einem Coenzym, das an allen Stoffwechselprozessen beteiligt ist. Es ist haupts\u00e4chlich in tierischen Produkten enthalten.<\/li><li>Ein Vitamin B3 Mangel kann viele Probleme verursachen, die von Schmerzen \u00fcber Taubheit bis hin zu psychischen Ver\u00e4nderungen reichen.<\/li><li>Ein Vitamin B3 Mangel ist bei gesunden Menschen im Prinzip sehr selten. Mangelerscheinungen k\u00f6nnen jedoch auftreten, wenn Menschen sich schlecht ern\u00e4hren, s\u00fcchtig sind oder bestimmte Medikamente einnehmen.<\/li><\/ul>\t\t\t\t\t\t<\/div>\n\t\t\t\t<\/div>\n\t\t\t\t<div class=\"elementor-element elementor-element-1fab3a2 elementor-widget elementor-widget-text-editor\" data-id=\"1fab3a2\" data-element_type=\"widget\" data-widget_type=\"text-editor.default\">\n\t\t\t\t<div class=\"elementor-widget-container\">\n\t\t\t\t\t\t\t<h2>Was m\u00fcssen Sie \u00fcber Vitamin B3 Mangel wissen?<\/h2><p>Bevor wir im n\u00e4chsten Abschnitt Ratschl\u00e4ge zur wirksamen Behebung und Vorbeugung eines Vitamin B3 Mangels geben, m\u00f6chten wir Ihnen einige wichtige Hintergrundinformationen geben.<br \/>Im Folgenden erl\u00e4utern wir diese wichtigen Informationen und beantworten einige h\u00e4ufig gestellte Fragen zum Thema Vitamin B3 Mangel.<\/p><h3>Wie hoch ist der Tagesbedarf an Vitamin B3?<\/h3><p>Der Tagesbedarf an Vitamin B3 h\u00e4ngt von mehreren Faktoren ab. Die Dosierung richtet sich nach Alter, Geschlecht und danach, ob eine Frau schwanger ist oder ihr Kind stillt und deshalb zus\u00e4tzliches Niacin ben\u00f6tigt, was einen Vitamin B3 Mangel wahrscheinlicher macht. Die folgende Auflistung enth\u00e4lt alle wichtigen Dosierungsempfehlungen f\u00fcr Kinder, Frauen, M\u00e4nner und Schwangere:<\/p><ul><li>S\u00e4uglinge: etwa 2-5 mg<\/li><li>Kinder (1-6 Jahre): etwa 8-9 mg<\/li><li>Kinder (7-12 Jahre): etwa 10-13 mg<\/li><li>Erwachsene (51 Jahre und \u00e4lter): etwa 11-14 mg<\/li><li>Kinder (13-18 Jahre): etwa 13-15 mg<\/li><li>Erwachsene (19-50 Jahre): etwa 13-16 mg<\/li><li>F\u00fcr schwangere und stillende Frauen: etwa 14-20 mg<\/li><\/ul>\t\t\t\t\t\t<\/div>\n\t\t\t\t<\/div>\n\t\t\t\t<div class=\"elementor-element elementor-element-d36cc2a elementor-widget elementor-widget-text-editor\" data-id=\"d36cc2a\" data-element_type=\"widget\" data-widget_type=\"text-editor.default\">\n\t\t\t\t<div class=\"elementor-widget-container\">\n\t\t\t\t\t\t\t<p>In der Altersgruppe der 13- bis 18-J\u00e4hrigen gibt es einen Geschlechtsunterschied von etwa 2 mg mehr f\u00fcr M\u00e4nner und in allen Altersgruppen \u00fcber 18 Jahren sollten M\u00e4nner etwa 3 mg mehr Niacin einnehmen als Frauen, um einem Vitamin B3 Mangel vorzubeugen, wie auch aus der obigen Tabelle hervorgeht.<\/p><h3>Welche Rolle spielt das Vitamin B3 im K\u00f6rper?<\/h3><p>Vitamin B3 werden folgende Wirkungen zugeschrieben: Es kann sich positiv auf das Aussehen der Haut und den gesamten K\u00f6rperstoffwechsel sowie auf die Bildung von Botenstoffen im Gehirn und die damit verbundene geistige Stabilit\u00e4t auswirken. Es kann auch f\u00fcr die Regeneration der Muskeln hilfreich sein. Vitamin B3 kann sich auch positiv auf Verdauungsprobleme oder hohen Blutdruck und hohen Cholesterinspiegel auswirken.<\/p><p>Niacin wird auch zur Behandlung von Bluthochdruck eingesetzt, und einige Studien legen nahe, dass es Fr\u00fchgeburten oder sogar Fehlgeburten verhindern kann. Au\u00dferdem soll es Stoffwechsel- und Herz-Kreislauf-Erkrankungen bei S\u00e4uglingen vorbeugen, weshalb ein Vitamin B3 Mangel vor allem w\u00e4hrend Schwangerschaft und Stillzeit zu vermeiden ist.<\/p><p>Ein Vitamin B3 Mangel kann aber auch im Alter erhebliche Folgen haben. Einige Forscher sind zu dem Schluss gekommen, dass Niacin durch die Bildung von Neurotransmittern im Gehirn, die durch Vitamin B3 ausgel\u00f6st wird, die Alzheimer-Krankheit verlangsamen kann.<\/p><p>Auch andere kognitive Beschwerden zeigen durch Niacin eine Besserung, weshalb ein Vitamin B3 Mangel grunds\u00e4tzlich vermieden werden sollte. Die Auswirkungen zeigen sich sowohl bei pr\u00e4ventiven Ma\u00dfnahmen als auch bei bereits bestehender Krankheit, bei der das Fortschreiten der Alzheimer-Krankheit erheblich verz\u00f6gert werden kann.<\/p><h3>Welche Lebensmittel enthalten Vitamin B3?<\/h3><p><img decoding=\"async\" class=\"aligncenter wp-image-69752 size-full\" title=\"Verschiedene Lebensmittel mit hohem Vitamin B3 Gehalt\" src=\"https:\/\/dualdiagnosis.org\/wp-content\/uploads\/2022\/05\/Lebensmittel-Vitamin-B3.png\" alt=\"Lebensmittel Vitamin B3\" width=\"700\" height=\"350\" srcset=\"https:\/\/dualdiagnosis.org\/wp-content\/uploads\/2022\/05\/Lebensmittel-Vitamin-B3.png 700w, https:\/\/dualdiagnosis.org\/wp-content\/uploads\/2022\/05\/Lebensmittel-Vitamin-B3-300x150.png 300w, https:\/\/dualdiagnosis.org\/wp-content\/uploads\/2022\/05\/Lebensmittel-Vitamin-B3-660x330.png 660w\" sizes=\"(max-width: 700px) 100vw, 700px\" \/><\/p><p>Wie weiter unten in diesem Beitrag beschrieben, ist Vitamin B3 haupts\u00e4chlich in tierischen Produkten, aber auch in einigen pflanzlichen Lebensmitteln enthalten. Mit einer ausgewogenen und gesunden Ern\u00e4hrung kann ein Vitamin B3 Mangel also leicht vermieden werden. Diese tierischen und pflanzlichen Lebensmittel sind im Folgenden aufgef\u00fchrt (Angaben mg pro 100 g):<\/p><h4>Pflanzliche Erzeugnisse<\/h4><ul><li>(Gr\u00fcn-)Kohl: etwa 2 mg<\/li><li>Linsen und Bohnen: etwa 2-3 mg<\/li><li>Sonnenblumenkerne: etwa 4 mg<\/li><li>Sesamsamen: etwa 5 mg<\/li><li>Brauner Reis: etwa 5 mg<\/li><li>Pilze: etwa 4-7 mg<\/li><li>Erdn\u00fcsse: etwa 15 mg<\/li><li>Speisekleie: etwa 17 mg<\/li><\/ul>\t\t\t\t\t\t<\/div>\n\t\t\t\t<\/div>\n\t\t\t\t<div class=\"elementor-element elementor-element-459dae1 elementor-widget elementor-widget-text-editor\" data-id=\"459dae1\" data-element_type=\"widget\" data-widget_type=\"text-editor.default\">\n\t\t\t\t<div class=\"elementor-widget-container\">\n\t\t\t\t\t\t\t<h4>Tierische Erzeugnisse<\/h4><ul><li>Lammfleisch: etwa 6 mg<\/li><li>Kalbsfleisch: etwa 6 mg<\/li><li>Huhn: etwa 7 mg<\/li><li>Lachs: etwa 7,5 mg<\/li><li>Rindfleisch: etwa 7,5 mg<\/li><li>H\u00fchnerleber: etwa 12 mg<\/li><li>Kalbsleber: etwa 15 mg<\/li><li>Sardellen: etwa 20 mg<\/li><\/ul>\t\t\t\t\t\t<\/div>\n\t\t\t\t<\/div>\n\t\t\t\t<div class=\"elementor-element elementor-element-4f89899 elementor-widget elementor-widget-text-editor\" data-id=\"4f89899\" data-element_type=\"widget\" data-widget_type=\"text-editor.default\">\n\t\t\t\t<div class=\"elementor-widget-container\">\n\t\t\t\t\t\t\t<p>Wie Sie hier sehen k\u00f6nnen, ist die Wahrscheinlichkeit an einem Vitamin B3 Mangel zu leiden bei Fleischessern geringer, da z. B. 100 g Rindfleisch leichter zu essen sind und vom K\u00f6rper besser aufgenommen werden als 100 g Sonnenblumenkerne. Wenn man auf diese Lebensmittel achtet und sie gut kombiniert, kann man seinen t\u00e4glichen Bedarf aber auch ohne Fleisch decken.<\/p><h3>Wodurch entsteht ein Vitamin B3 Mangel und welche Menschen sind besonders anf\u00e4llig daf\u00fcr?<\/h3><p>Vitamin B3 kann in der Regel in ausreichender Menge mit der Nahrung aufgenommen werden, da der K\u00f6rper Vitamin B3 aus der Aminos\u00e4ure Tryptophan herstellt, so dass es nur selten zu ernsthaften M\u00e4ngeln kommt. F\u00fcr diesen Umwandlungsprozess ben\u00f6tigt der K\u00f6rper jedoch Vitamin B6; fehlt es, kann es zu einem Mangel kommen. Es gibt noch andere Ursachen f\u00fcr einen Vitamin B3 Mangel:<\/p><ul><li><strong>Anorexie:<\/strong> Bei Anorexie wird zu wenig des Vitamins aus der Nahrung aufgenommen oder durch Erbrechen ausgeschieden, was zu einem Niacinmangel f\u00fchrt.<\/li><li><strong>Einnahme bestimmter Medikamente:<\/strong> Einige Medikamente verursachen einen Vitamin B3 Mangel, darunter Psychopharmaka, Tuberkulostatika und Zytostatika.<\/li><li><strong>Chronischer Durchfall:<\/strong> Chronischer Durchfall f\u00fchrt zu einem starken Verlust von fast allen Mikron\u00e4hrstoffen und Vitaminen, so dass die verabreichten Vitamine nicht genutzt und sofort wieder ausgeschieden werden.<\/li><li><strong>Hartnup-Syndrom:<\/strong> Das Hartnup-Syndrom ist eine St\u00f6rung des Aminos\u00e4uretransports. In diesem Fall handelt es sich um Tryptophan, das von den K\u00f6rperzellen nicht in Vitamin B3 umgewandelt werden kann.<\/li><\/ul>\t\t\t\t\t\t<\/div>\n\t\t\t\t<\/div>\n\t\t\t\t<div class=\"elementor-element elementor-element-0e4b5bd elementor-widget elementor-widget-text-editor\" data-id=\"0e4b5bd\" data-element_type=\"widget\" data-widget_type=\"text-editor.default\">\n\t\t\t\t<div class=\"elementor-widget-container\">\n\t\t\t\t\t\t\t<p>Wie oben beschrieben, kann es zu einem Vitamin B3 Mangel kommen, wenn zu wenig Tryptophan, das in vielen tierischen Produkten enthalten ist, verzehrt wird. Als Veganer sollte man dementsprechend genau auf seinen Niacin Spiegel achten sollte. Auch der Abbau von Proteinen bei Erk\u00e4ltungen, Fieber und Krebserkrankungen sowie bei schweren Verletzungen und Verbrennungen erh\u00f6ht den Bedarf an Vitamin B3.<\/p><p>Vitamin B3 wird in der Leber hergestellt und gespeichert. Alkoholabh\u00e4ngige Menschen sch\u00e4digen die Leber und die damit verbundene Niacinproduktion. Bier enth\u00e4lt zum Beispiel h\u00e4ufig Vitamin B3, aber Alkoholmissbrauch f\u00fchrt zu einer negativen Bilanz der Spurenelemente, was auch zu einem Vitamin B3 Mangel f\u00fchren kann, weil Alkohol diese Spurenelemente zerst\u00f6rt.<\/p><p>Bei Menschen, die mit SARS oder MERS-CoV (Coronavirus) infiziert sind, wurde ein Mangel an Tryptophan und damit auch ein Vitamin B3 Mangel festgestellt, was zu einer Beeintr\u00e4chtigung des Immunsystems f\u00fchrt.<\/p><p>In diesem Zusammenhang ist ein Vitamin B3 Mangel f\u00fcr Risikogruppen und \u00e4ltere Menschen besonders relevant, weswegen deren Organismen auf jeden Fall ausreichend mit Niacin versorgt werden sollten. Wie hier gezeigt wurde, macht sich ein Mangel an Vitamin B3 nicht so leicht bemerkbar wie ein Mangel an anderen Vitaminen.<\/p><h3>Welche Folgen hat ein Vitamin B Mangel in der Schwangerschaft?<\/h3><p>Wie bereits in einem der vorherigen Kapitel erw\u00e4hnt, kann Vitamin B3 Fehl- und Fr\u00fchgeburten verhindern. Ein Vitamin B3 Mangel hingegen verursacht diese Auswirkungen. W\u00e4hrend der Schwangerschaft ben\u00f6tigen Frauen deutlich mehr Niacin. Es ist bekannt, dass viele schwangere Frauen w\u00e4hrend der Schwangerschaft zu wenig Niacin erhalten, aber auch beim Stillen ben\u00f6tigen sie mehr Vitamin B3 als gew\u00f6hnlich.<\/p><p>Im ersten Trimester der Schwangerschaft, dem embryonalen Stadium der Organentwicklung, wird bei etwa einem Drittel der Frauen ein Vitamin B3 Mangel vermutet. Babys im Alter von 12 Monaten haben ein um 30 % geringeres Risiko, an Neurodermitis zu erkranken, wenn ihre Mutter w\u00e4hrend der Schwangerschaft ausreichend Niacin zu sich genommen hat und keinen Mangel aufweist. Dies geht aus einer Studie der Universit\u00e4t Southampton hervor.<\/p><p>Die Studie wurde an etwa 500 Mutter-Baby-Paaren anhand einer Reihe von Bluttests durchgef\u00fchrt und schloss andere Faktoren wie eine zu kurze Stillzeit oder eine erbliche Veranlagung zu Hautkrankheiten aus. Spina bifida, auch lockere Wirbels\u00e4ule oder Wirbels\u00e4ulenbruch genannt, wird ebenfalls durch einen Mangel an Niacin w\u00e4hrend der Schwangerschaft verursacht. Ein weiterer Grund einen Vitamin B3 Mangel zu vermeiden.<\/p><p>Es handelt sich dabei um eine Verformung der Wirbels\u00e4ule und oft auch des R\u00fcckenmarks. Die Folgen zeigen sich jedoch nicht nur im S\u00e4uglings- oder Kindesalter, sondern manchmal auch im Erwachsenenalter. Sie kann zu Wasserkopf, Muskelschw\u00e4che, L\u00e4hmungen der Beine und verschiedenen Verformungen der Beine und Gelenke f\u00fchren. Auch eine H\u00fcftluxation wurde beobachtet.<\/p><h3>Welche Symptome entstehen durch einen Vitamin B3 Mangel?<\/h3><p>Wenn Sie sich nicht sicher sind, ob Sie an einem Vitamin B3 Mangel leiden, gibt es einige Symptome, die Ihnen helfen k\u00f6nnen, ihn zu erkennen. Die h\u00e4ufigsten und typischen Symptome eines Vitamin-B3-Mangels sind dabei:<\/p><ul><li>Durchfall und Verdauungsprobleme<\/li><li>Hautver\u00e4nderungen und R\u00f6tungen (Entz\u00fcndungen der Haut)<\/li><li>Nachlassende Konzentration und Schlafst\u00f6rungen<\/li><li>Taubheit oder Schmerzen in den H\u00e4nden oder F\u00fc\u00dfen<\/li><li>Appetitlosigkeit und allgemeine Schw\u00e4che<\/li><li>Entz\u00fcndungen der Mundschleimh\u00e4ute<\/li><li>Reizbarkeit, Depression<\/li><li>hellrot-gl\u00e4nzende Zunge<\/li><li>Pellagra<\/li><\/ul>\t\t\t\t\t\t<\/div>\n\t\t\t\t<\/div>\n\t\t\t\t<div class=\"elementor-element elementor-element-d7a9131 elementor-widget elementor-widget-text-editor\" data-id=\"d7a9131\" data-element_type=\"widget\" data-widget_type=\"text-editor.default\">\n\t\t\t\t<div class=\"elementor-widget-container\">\n\t\t\t\t\t\t\t<p>Pellagra ist eine sehr typische Essst\u00f6rung, die durch einen Mangel an Niacin verursacht wird. Sie ist vor allem in Afrika und Asien anzutreffen und wird h\u00e4ufig durch unzureichende Ern\u00e4hrung verursacht, da viele Menschen in Afrika und Asien an Hunger leiden. Typische Symptome von einem Vitamin B3 Mangel sind schuppige, raue und manchmal hyperpigmentierte Haut.<\/p><p>Es ist wichtig, schnell zu handeln und Niacin in die Ern\u00e4hrung aufzunehmen, da die Krankheit unbehandelt zu Organversagen und sogar zum Tod f\u00fchren kann. Ein Vitamin B3 Mangel kann vor allem auch bei \u00e4lteren Menschen verheerend sein, da Appetitlosigkeit und Schw\u00e4che auftreten, was zu einem Teufelskreis f\u00fchrt, da ein zu niedriger Niacinspiegel zu einer noch geringeren Nahrungsaufnahme und einer noch geringeren Vitamin-B3-Aufnahme f\u00fchrt.<\/p><h3>Vitamin B3 Mangel: Wirksame Behandlung und Pr\u00e4vention<br \/><iframe title=\"YouTube video player\" src=\"https:\/\/www.youtube.com\/embed\/hdI1C82BlL8\" width=\"1232\" height=\"693\" frameborder=\"0\" allowfullscreen=\"allowfullscreen\"><\/iframe><\/h3><ul><li>\u00dcberpr\u00fcfen Sie den Vitamin-B3-Spiegel Ihres K\u00f6rpers<\/li><li>\u00c4ndern Sie Ihre Ern\u00e4hrung<\/li><li>Medikamenteneinnahme<\/li><li>Nahrungserg\u00e4nzungsmittel<\/li><\/ul>\t\t\t\t\t\t<\/div>\n\t\t\t\t<\/div>\n\t\t\t\t<div class=\"elementor-element elementor-element-ba35d97 elementor-widget elementor-widget-text-editor\" data-id=\"ba35d97\" data-element_type=\"widget\" data-widget_type=\"text-editor.default\">\n\t\t\t\t<div class=\"elementor-widget-container\">\n\t\t\t\t\t\t\t<p>Es gibt viele wirksame M\u00f6glichkeiten, einen Vitamin B3 Mangel zu behandeln oder ihm vorzubeugen. Diese Behandlungs- und Pr\u00e4ventionsmethoden werden in den folgenden Abschnitten erl\u00e4utert.<\/p><h3>Kontrolle des Vitamin-B3-Spiegels im K\u00f6rper<\/h3><p>Wenn Sie sich nicht sicher sind, ob Sie einen niedrigen Vitamin-B3-Spiegel haben und entsprechend Gefahr laufen, einen Vitamin B3 Mangel zu entwickeln, gibt es Online-Tests, bei denen Sie ein paar Fragen beantworten m\u00fcssen. Zu diesen Fragen geh\u00f6ren:<\/p><ul><li>Wird Ihre Haut rot\/ger\u00f6tet, auch wenn Sie sich nur kurz in der Sonne aufhalten?<\/li><li>Ist Ihre sonnengesch\u00e4digte Haut ungew\u00f6hnlich braun oder fleckig?<\/li><li>Benutzen Sie oft Hautcreme, weil Sie sehr trockene Haut haben?<\/li><li>F\u00e4llt es Ihnen schwer, sich zu konzentrieren oder f\u00fchlen Sie sich sogar h\u00e4ufig deprimiert?<\/li><li>Zeigt Ihre Haut Anzeichen von Verhornungen?<\/li><li>Essen Sie nur Gem\u00fcse oder fast kein Fleisch?<\/li><li>Essen Sie viel Mais- oder Getreideprodukte?<\/li><li>Leiden Sie unter einem Brennen der Zunge?<\/li><li>Trinken Sie (\u00fcberm\u00e4\u00dfig) viel Alkohol?<\/li><li>Werden Ihre H\u00e4nde leicht kalt?<\/li><li>Leiden Sie h\u00e4ufig unter Bl\u00e4hungen oder Durchfall?<\/li><li>Trinken Sie selten bis nie Bohnenkaffee?<\/li><\/ul>\t\t\t\t\t\t<\/div>\n\t\t\t\t<\/div>\n\t\t\t\t<div class=\"elementor-element elementor-element-ea32808 elementor-widget elementor-widget-text-editor\" data-id=\"ea32808\" data-element_type=\"widget\" data-widget_type=\"text-editor.default\">\n\t\t\t\t<div class=\"elementor-widget-container\">\n\t\t\t\t\t\t\t<p>Wenn viele dieser Fragen auf Sie zutreffen, k\u00f6nnen Sie einen Vitamin B3 Mangel nicht ausschlie\u00dfen. Ein Bluttest mit anschlie\u00dfender Laboruntersuchung durch Ihren Arzt kann Ihnen helfen, weitere Ma\u00dfnahmen zu ergreifen.<\/p><h4>\u00c4nderungen in der Ern\u00e4hrung<\/h4><p>Wenn Sie sich zu einseitig ern\u00e4hren oder zum Beispiel nur Fast Food essen, kann es sein, dass Sie einen Vitamin B3 Mangel entwickeln. Wenn dies der Fall ist, ist es ratsam, Ihre Ern\u00e4hrung zu \u00fcberpr\u00fcfen und gegebenenfalls zu \u00e4ndern. Der einfachste Weg, Ihren Niacinspiegel aufrechtzuerhalten, ist die Analyse der Lebensmittel, die Sie im Laufe des Tages zu sich nehmen.<\/p><p>Wenn Sie das Gef\u00fchl haben, dass Sie zu wenig Vitamin B3 mit der Nahrung aufnehmen oder an einem Vitamin B3 Mangel leiden, k\u00f6nnen Sie einige der oben genannten Lebensmittel kombinieren und zu Ihrer t\u00e4glichen Ern\u00e4hrung hinzuf\u00fcgen. Der Verzehr von Mais, Kartoffeln oder Getreide f\u00fchrt Ihnen beispielsweise kein Vitamin B3 zu, da es haupts\u00e4chlich in einer gebundenen Form vorliegt und Ihr Darm dieses gebundene Vitamin B3 nur teilweise abbauen kann.<\/p><p>Daher m\u00fcssen diese Lebensmittel vorverarbeitet werden, damit sie verdaut werden k\u00f6nnen. So kann man beispielsweise Mais in Kalkwasser einweichen, wodurch das darin enthaltene Kalziumhydroxid freigesetzt wird. Wenn Sie den Niacingehalt eines Lebensmittels nicht durch Analyse ermitteln k\u00f6nnen, ist es oft einfacher, den Tryptophangehalt zu \u00fcberpr\u00fcfen. Tryptophan wird als \u00c4quivalent zu Nikotinamid angesehen und ist ebenfalls wichtig, um einen Vitamin B3 Mangel zu vermeiden.<\/p><p>Wie bereits im vorherigen Kapitel erw\u00e4hnt, wird Vitamin B3 auch in der Leber durch die Aufnahme von Tryptophan gebildet. Dieser Wert kann jedoch nicht gleichgesetzt werden. Im Durchschnitt entsprechen 60 Milligramm Tryptophan einem Milligramm Niacin. Wenn Ihre Tryptophanzufuhr jedoch zu niedrig ist oder Ihre Ern\u00e4hrung zu wenig Eiwei\u00df enth\u00e4lt, gilt dieses Verh\u00e4ltnis nicht.<\/p><p>Wenn Ihre Ern\u00e4hrung n\u00e4mlich wenig Tryptophan enth\u00e4lt, ist die Synthese von Tryptophan begrenzt und der K\u00f6rper verwendet es, um neues Eiwei\u00df zu bilden, bis sein t\u00e4glicher Bedarf an Eiwei\u00df und damit an Tryptophan \u00fcberschritten ist. Dies verdeutlicht, dass eine ausreichende Eiwei\u00dfzufuhr gew\u00e4hrleistet sein muss, da sonst die Tryptophansynthese und die entsprechende Umwandlung von Vitamin B3 minimal ist, was einen Vitamin B3 Mangel wahrscheinlich macht.<\/p><h4>Einnahme von Medikamenten<\/h4><p>Es gibt eine Reihe von Medikamenten zur Behandlung von Vitamin B3 Mangel, von denen die meisten verschreibungspflichtig sind und eine h\u00f6here Dosierung haben. Diese werden haupts\u00e4chlich bei schweren Symptomen wie Pellagra oder zu hohem Cholesterinspiegel eingesetzt. Niacinpr\u00e4parate sind in der Regel leicht einzunehmende Tabletten. Auch hier sollte die genaue Dosierung und die Art der Einnahme mit einem Facharzt besprochen werden.<\/p><h4>Nahrungserg\u00e4nzungsmittel<\/h4><p>Vitamin B3 ist als Nahrungserg\u00e4nzungsmittel in zwei verschiedenen Formen erh\u00e4ltlich. Eine davon hei\u00dft Nikotins\u00e4ure und die andere Nikotinamid oder Niacinamid. An dieser Stelle ist es wichtig, auf den deutlichen Unterschied zwischen den beiden Formen hinzuweisen. Die genaue Form des Nahrungserg\u00e4nzungsmittels ist immer auf der Verpackung angegeben. Die empfohlene Zufuhr, um einen Vitamin B3 Mangel auszugleichen, ist in der obigen Tabelle angegeben.<\/p><p>Nach Angaben einiger \u00c4rzte und medizinischer Vereinigungen liegt die maximale Tagesdosis an Nikotinamid oder Niacinamid bei 900 mg. Ein \u00fcberm\u00e4\u00dfiger Verzehr kann, wie ein Vitamin B3 Mangel auch, zu gesundheitlichen Beeintr\u00e4chtigungen f\u00fchren, z. B. zu Hautr\u00f6tungen aufgrund einer erh\u00f6hten Durchblutung der Haut, gefolgt von R\u00f6tungen und einem W\u00e4rmegef\u00fchl. Dieses Risiko besteht bei herk\u00f6mmlichen Lebensmitteln, die nat\u00fcrliches Niacin enthalten, nicht.<\/p><p>Die beiden Formen, Nikotins\u00e4ure und Niacinamid, haben jedoch unterschiedliche Wirkungen. Die Einnahme von Niacinamid hat kaum Nebenwirkungen, wirkt aber auch nicht cholesterinsenkend, wie die oben genannte Studie zeigt. In diesem Zusammenhang ist nur Niacin oder Nikotins\u00e4ure wirksam. Das Gleiche gilt f\u00fcr die positiven Auswirkungen auf den Fettstoffwechsel und die Blutfettwerte; Niacinamid hat diese Wirkung nicht.<\/p><p>In Dosen \u00fcber 3 Gramm ist Niacin hepatotoxisch und kann erh\u00f6hte Leberfunktionswerte, Gelbsucht und Magen-Darm-Beschwerden verursachen. Dar\u00fcber hinaus kann eine erh\u00f6hte Histaminproduktion allergische Reaktionen ausl\u00f6sen.<\/p><p>Daher k\u00f6nnen Sie Vitamin B3 auch als Nahrungserg\u00e4nzungsmittel einnehmen, wenn Sie vorsorglich die vorgeschriebene Tagesmenge einnehmen. Wenn Sie jedoch einen Vitamin B3 Mangel haben, kann eine h\u00f6here Dosis erforderlich sein, aber Sie sollten sich von Ihrem Arzt beraten lassen.<\/p><h2>Unser Fazit<\/h2><p>Ein Vitamin B3 Mangel kann, wie bereits erw\u00e4hnt, schwerwiegende Folgen haben. Vor allem im Zusammenhang mit k\u00f6rperlicher Fitness oder der Geburt, aber auch bei Hauterkrankungen und anderen Symptomen, die durch Niacinmangel verursacht werden. Obwohl ein Vitamin-B3-Mangel hierzulande relativ selten ist, sollten Sie darauf achten, dass Sie ausreichend davon bekommen.<\/p><p>Ein weiterer Vorteil des Vitamin-B3-Mangels ist, dass er in den meisten F\u00e4llen durch eine Ern\u00e4hrungsumstellung in den Griff zu bekommen ist; nur in schweren F\u00e4llen sind Medikamente erforderlich. Um einen Vitamin B3 Mangel zu vermeiden, k\u00f6nnen Sie Niacin gem\u00e4\u00df den Tabellen in diesem Artikel einnehmen, damit Sie auf der sicheren Seite sind.<\/p>\t\t\t\t\t\t<\/div>\n\t\t\t\t<\/div>\n\t\t\t\t\t<\/div>\n\t\t<\/div>\n\t\t\t\t\t<\/div>\n\t\t<\/section>\n\t\t\t\t<\/div>\n\t\t","protected":false},"excerpt":{"rendered":"<p>Hierzulande ist ein Vitamin B3 Mangel zwar eher selten, aber seine Folgen k\u00f6nnen schwerwiegend sein. Aminos\u00e4uren oder essentielle Vitamine und \u00d6le werden oft im Zusammenhang mit der geistigen und k\u00f6rperlichen Gesundheit erw\u00e4hnt, aber Vitamin B3 wird in diesem Zusammenhang oft nicht ber\u00fccksichtigt. In diesem Artikel werden wir die Hauptfunktionen dieses Vitamins und seine wichtige Rolle &#8230; <a title=\"Vitamin B3 Mangel erkennen &#038; verhindern &#8211; Alle Fakten, Fragen und Antworten\" class=\"read-more\" href=\"https:\/\/dualdiagnosis.org\/de\/ratgeber\/vitamin-b3-mangel\/\" aria-label=\"Mehr zu Vitamin B3 Mangel erkennen &#038; verhindern &#8211; Alle Fakten, Fragen und Antworten\">Weiterlesen &#8230;<\/a><\/p>\n","protected":false},"author":5,"featured_media":69761,"comment_status":"open","ping_status":"open","sticky":false,"template":"","format":"standard","meta":{"footnotes":""},"categories":[65],"tags":[],"class_list":["post-69248","post","type-post","status-publish","format-standard","has-post-thumbnail","hentry","category-ratgeber"],"yoast_head":"<!-- This site is optimized with the Yoast SEO plugin v23.0 - https:\/\/yoast.com\/wordpress\/plugins\/seo\/ -->\n<title>Vitamin B3 Mangel erkennen &amp; vorbeugen - Alle Fakten in unserem Beitrag<\/title>\n<meta name=\"description\" content=\"Alles, was Sie \u00fcber Vitamin B3 Mangel wissen sollten - Alle Fakten, Fragen und Antworten in unserem neuen Ratgeber 2024!\" \/>\n<meta name=\"robots\" content=\"index, follow, max-snippet:-1, max-image-preview:large, max-video-preview:-1\" \/>\n<link rel=\"canonical\" href=\"https:\/\/dualdiagnosis.org\/de\/ratgeber\/vitamin-b3-mangel\/\" \/>\n<meta name=\"twitter:label1\" content=\"Verfasst von\" \/>\n\t<meta name=\"twitter:data1\" content=\"Ben Lesser\" \/>\n\t<meta name=\"twitter:label2\" content=\"Gesch\u00e4tzte Lesezeit\" \/>\n\t<meta name=\"twitter:data2\" content=\"15\u00a0Minuten\" \/>\n<script type=\"application\/ld+json\" class=\"yoast-schema-graph\">{\"@context\":\"https:\/\/schema.org\",\"@graph\":[{\"@type\":\"Article\",\"@id\":\"https:\/\/dualdiagnosis.org\/de\/ratgeber\/vitamin-b3-mangel\/#article\",\"isPartOf\":{\"@id\":\"https:\/\/dualdiagnosis.org\/de\/ratgeber\/vitamin-b3-mangel\/\"},\"author\":{\"name\":\"Ben Lesser\",\"@id\":\"https:\/\/dualdiagnosis.org\/de\/#\/schema\/person\/80883be85982ce1aee2d717da7e1838f\"},\"headline\":\"Vitamin B3 Mangel erkennen &#038; verhindern &#8211; Alle Fakten, Fragen und Antworten\",\"datePublished\":\"2024-03-03T08:39:00+00:00\",\"dateModified\":\"2024-03-04T06:51:29+00:00\",\"mainEntityOfPage\":{\"@id\":\"https:\/\/dualdiagnosis.org\/de\/ratgeber\/vitamin-b3-mangel\/\"},\"wordCount\":2746,\"commentCount\":0,\"publisher\":{\"@id\":\"https:\/\/dualdiagnosis.org\/de\/#organization\"},\"image\":{\"@id\":\"https:\/\/dualdiagnosis.org\/de\/ratgeber\/vitamin-b3-mangel\/#primaryimage\"},\"thumbnailUrl\":\"https:\/\/dualdiagnosis.org\/wp-content\/uploads\/2022\/05\/Vitamin-B3-Mangel-Titelbild.png\",\"articleSection\":[\"Ratgeber\"],\"inLanguage\":\"de\",\"potentialAction\":[{\"@type\":\"CommentAction\",\"name\":\"Comment\",\"target\":[\"https:\/\/dualdiagnosis.org\/de\/ratgeber\/vitamin-b3-mangel\/#respond\"]}]},{\"@type\":\"WebPage\",\"@id\":\"https:\/\/dualdiagnosis.org\/de\/ratgeber\/vitamin-b3-mangel\/\",\"url\":\"https:\/\/dualdiagnosis.org\/de\/ratgeber\/vitamin-b3-mangel\/\",\"name\":\"Vitamin B3 Mangel erkennen & vorbeugen - Alle Fakten in unserem Beitrag\",\"isPartOf\":{\"@id\":\"https:\/\/dualdiagnosis.org\/de\/#website\"},\"primaryImageOfPage\":{\"@id\":\"https:\/\/dualdiagnosis.org\/de\/ratgeber\/vitamin-b3-mangel\/#primaryimage\"},\"image\":{\"@id\":\"https:\/\/dualdiagnosis.org\/de\/ratgeber\/vitamin-b3-mangel\/#primaryimage\"},\"thumbnailUrl\":\"https:\/\/dualdiagnosis.org\/wp-content\/uploads\/2022\/05\/Vitamin-B3-Mangel-Titelbild.png\",\"datePublished\":\"2024-03-03T08:39:00+00:00\",\"dateModified\":\"2024-03-04T06:51:29+00:00\",\"description\":\"Alles, was Sie \u00fcber Vitamin B3 Mangel wissen sollten - Alle Fakten, Fragen und Antworten in unserem neuen Ratgeber 2024!\",\"breadcrumb\":{\"@id\":\"https:\/\/dualdiagnosis.org\/de\/ratgeber\/vitamin-b3-mangel\/#breadcrumb\"},\"inLanguage\":\"de\",\"potentialAction\":[{\"@type\":\"ReadAction\",\"target\":[\"https:\/\/dualdiagnosis.org\/de\/ratgeber\/vitamin-b3-mangel\/\"]}]},{\"@type\":\"ImageObject\",\"inLanguage\":\"de\",\"@id\":\"https:\/\/dualdiagnosis.org\/de\/ratgeber\/vitamin-b3-mangel\/#primaryimage\",\"url\":\"https:\/\/dualdiagnosis.org\/wp-content\/uploads\/2022\/05\/Vitamin-B3-Mangel-Titelbild.png\",\"contentUrl\":\"https:\/\/dualdiagnosis.org\/wp-content\/uploads\/2022\/05\/Vitamin-B3-Mangel-Titelbild.png\",\"width\":700,\"height\":350,\"caption\":\"Vitamin B3 Mangel Titelbild\"},{\"@type\":\"BreadcrumbList\",\"@id\":\"https:\/\/dualdiagnosis.org\/de\/ratgeber\/vitamin-b3-mangel\/#breadcrumb\",\"itemListElement\":[{\"@type\":\"ListItem\",\"position\":1,\"name\":\"Home\",\"item\":\"https:\/\/dualdiagnosis.org\/de\/\"},{\"@type\":\"ListItem\",\"position\":2,\"name\":\"Vitamin B3 Mangel erkennen &#038; verhindern &#8211; Alle Fakten, Fragen und Antworten\"}]},{\"@type\":\"WebSite\",\"@id\":\"https:\/\/dualdiagnosis.org\/de\/#website\",\"url\":\"https:\/\/dualdiagnosis.org\/de\/\",\"name\":\"Dualdiagnosis.org\",\"description\":\"Dual Diagnosis: Home\",\"publisher\":{\"@id\":\"https:\/\/dualdiagnosis.org\/de\/#organization\"},\"potentialAction\":[{\"@type\":\"SearchAction\",\"target\":{\"@type\":\"EntryPoint\",\"urlTemplate\":\"https:\/\/dualdiagnosis.org\/de\/?s={search_term_string}\"},\"query-input\":\"required name=search_term_string\"}],\"inLanguage\":\"de\"},{\"@type\":\"Organization\",\"@id\":\"https:\/\/dualdiagnosis.org\/de\/#organization\",\"name\":\"Foundations Recovery Network\",\"url\":\"https:\/\/dualdiagnosis.org\/de\/\",\"logo\":{\"@type\":\"ImageObject\",\"inLanguage\":\"de\",\"@id\":\"https:\/\/dualdiagnosis.org\/de\/#\/schema\/logo\/image\/\",\"url\":\"https:\/\/dualdiagnosis.org\/wp-content\/uploads\/2021\/03\/Dualdiagnosis-Logo.png\",\"contentUrl\":\"https:\/\/dualdiagnosis.org\/wp-content\/uploads\/2021\/03\/Dualdiagnosis-Logo.png\",\"width\":1150,\"height\":264,\"caption\":\"Foundations Recovery Network\"},\"image\":{\"@id\":\"https:\/\/dualdiagnosis.org\/de\/#\/schema\/logo\/image\/\"},\"sameAs\":[\"https:\/\/www.facebook.com\/Dual-Diagnosis-100246328793889\",\"https:\/\/x.com\/DiagnosisDual\"]},{\"@type\":\"Person\",\"@id\":\"https:\/\/dualdiagnosis.org\/de\/#\/schema\/person\/80883be85982ce1aee2d717da7e1838f\",\"name\":\"Ben Lesser\",\"image\":{\"@type\":\"ImageObject\",\"inLanguage\":\"de\",\"@id\":\"https:\/\/dualdiagnosis.org\/de\/#\/schema\/person\/image\/\",\"url\":\"https:\/\/secure.gravatar.com\/avatar\/d761cc2d01ed47f79749f689308a0b4344ee8dae3860e0cf8d51a1124644213c?s=96&r=g\",\"contentUrl\":\"https:\/\/secure.gravatar.com\/avatar\/d761cc2d01ed47f79749f689308a0b4344ee8dae3860e0cf8d51a1124644213c?s=96&r=g\",\"caption\":\"Ben Lesser\"},\"description\":\"Ben Lesser ist einer der gefragtesten Experten im Bereich Gesundheit, Fitness und Medizin. Seine Artikel \u00fcberzeugen durch einzigartige Recherchearbeiten sowie praxiserprobte F\u00e4higkeiten. Er ist freiberuflicher medizinischer Autor, der sich auf die Erstellung von Inhalten zur Verbesserung des \u00f6ffentlichen Bewusstseins f\u00fcr Gesundheitsthemen spezialisiert hat. Wir haben die Ehre dass Ben exklusiv und ausschlie\u00dflich f\u00fcr Dualdiagnosis.org Texte verfasst.\",\"sameAs\":[\"https:\/\/www.facebook.com\/people\/Dual-Diagnosis\/100064899908835\/\",\"https:\/\/www.linkedin.com\/in\/ben-lesser-b3b9a4225\/\",\"https:\/\/x.com\/Ben DE\"],\"url\":\"https:\/\/dualdiagnosis.org\/de\/author\/ben-de\/\"}]}<\/script>\n<!-- \/ Yoast SEO plugin. -->","yoast_head_json":{"title":"Vitamin B3 Mangel erkennen & vorbeugen - Alle Fakten in unserem Beitrag","description":"Alles, was Sie \u00fcber Vitamin B3 Mangel wissen sollten - Alle Fakten, Fragen und Antworten in unserem neuen Ratgeber 2024!","robots":{"index":"index","follow":"follow","max-snippet":"max-snippet:-1","max-image-preview":"max-image-preview:large","max-video-preview":"max-video-preview:-1"},"canonical":"https:\/\/dualdiagnosis.org\/de\/ratgeber\/vitamin-b3-mangel\/","twitter_misc":{"Verfasst von":"Ben Lesser","Gesch\u00e4tzte Lesezeit":"15\u00a0Minuten"},"schema":{"@context":"https:\/\/schema.org","@graph":[{"@type":"Article","@id":"https:\/\/dualdiagnosis.org\/de\/ratgeber\/vitamin-b3-mangel\/#article","isPartOf":{"@id":"https:\/\/dualdiagnosis.org\/de\/ratgeber\/vitamin-b3-mangel\/"},"author":{"name":"Ben Lesser","@id":"https:\/\/dualdiagnosis.org\/de\/#\/schema\/person\/80883be85982ce1aee2d717da7e1838f"},"headline":"Vitamin B3 Mangel erkennen &#038; verhindern &#8211; Alle Fakten, Fragen und Antworten","datePublished":"2024-03-03T08:39:00+00:00","dateModified":"2024-03-04T06:51:29+00:00","mainEntityOfPage":{"@id":"https:\/\/dualdiagnosis.org\/de\/ratgeber\/vitamin-b3-mangel\/"},"wordCount":2746,"commentCount":0,"publisher":{"@id":"https:\/\/dualdiagnosis.org\/de\/#organization"},"image":{"@id":"https:\/\/dualdiagnosis.org\/de\/ratgeber\/vitamin-b3-mangel\/#primaryimage"},"thumbnailUrl":"https:\/\/dualdiagnosis.org\/wp-content\/uploads\/2022\/05\/Vitamin-B3-Mangel-Titelbild.png","articleSection":["Ratgeber"],"inLanguage":"de","potentialAction":[{"@type":"CommentAction","name":"Comment","target":["https:\/\/dualdiagnosis.org\/de\/ratgeber\/vitamin-b3-mangel\/#respond"]}]},{"@type":"WebPage","@id":"https:\/\/dualdiagnosis.org\/de\/ratgeber\/vitamin-b3-mangel\/","url":"https:\/\/dualdiagnosis.org\/de\/ratgeber\/vitamin-b3-mangel\/","name":"Vitamin B3 Mangel erkennen & vorbeugen - Alle Fakten in unserem Beitrag","isPartOf":{"@id":"https:\/\/dualdiagnosis.org\/de\/#website"},"primaryImageOfPage":{"@id":"https:\/\/dualdiagnosis.org\/de\/ratgeber\/vitamin-b3-mangel\/#primaryimage"},"image":{"@id":"https:\/\/dualdiagnosis.org\/de\/ratgeber\/vitamin-b3-mangel\/#primaryimage"},"thumbnailUrl":"https:\/\/dualdiagnosis.org\/wp-content\/uploads\/2022\/05\/Vitamin-B3-Mangel-Titelbild.png","datePublished":"2024-03-03T08:39:00+00:00","dateModified":"2024-03-04T06:51:29+00:00","description":"Alles, was Sie \u00fcber Vitamin B3 Mangel wissen sollten - Alle Fakten, Fragen und Antworten in unserem neuen Ratgeber 2024!","breadcrumb":{"@id":"https:\/\/dualdiagnosis.org\/de\/ratgeber\/vitamin-b3-mangel\/#breadcrumb"},"inLanguage":"de","potentialAction":[{"@type":"ReadAction","target":["https:\/\/dualdiagnosis.org\/de\/ratgeber\/vitamin-b3-mangel\/"]}]},{"@type":"ImageObject","inLanguage":"de","@id":"https:\/\/dualdiagnosis.org\/de\/ratgeber\/vitamin-b3-mangel\/#primaryimage","url":"https:\/\/dualdiagnosis.org\/wp-content\/uploads\/2022\/05\/Vitamin-B3-Mangel-Titelbild.png","contentUrl":"https:\/\/dualdiagnosis.org\/wp-content\/uploads\/2022\/05\/Vitamin-B3-Mangel-Titelbild.png","width":700,"height":350,"caption":"Vitamin B3 Mangel Titelbild"},{"@type":"BreadcrumbList","@id":"https:\/\/dualdiagnosis.org\/de\/ratgeber\/vitamin-b3-mangel\/#breadcrumb","itemListElement":[{"@type":"ListItem","position":1,"name":"Home","item":"https:\/\/dualdiagnosis.org\/de\/"},{"@type":"ListItem","position":2,"name":"Vitamin B3 Mangel erkennen &#038; verhindern &#8211; Alle Fakten, Fragen und Antworten"}]},{"@type":"WebSite","@id":"https:\/\/dualdiagnosis.org\/de\/#website","url":"https:\/\/dualdiagnosis.org\/de\/","name":"Dualdiagnosis.org","description":"Dual Diagnosis: Home","publisher":{"@id":"https:\/\/dualdiagnosis.org\/de\/#organization"},"potentialAction":[{"@type":"SearchAction","target":{"@type":"EntryPoint","urlTemplate":"https:\/\/dualdiagnosis.org\/de\/?s={search_term_string}"},"query-input":"required name=search_term_string"}],"inLanguage":"de"},{"@type":"Organization","@id":"https:\/\/dualdiagnosis.org\/de\/#organization","name":"Foundations Recovery Network","url":"https:\/\/dualdiagnosis.org\/de\/","logo":{"@type":"ImageObject","inLanguage":"de","@id":"https:\/\/dualdiagnosis.org\/de\/#\/schema\/logo\/image\/","url":"https:\/\/dualdiagnosis.org\/wp-content\/uploads\/2021\/03\/Dualdiagnosis-Logo.png","contentUrl":"https:\/\/dualdiagnosis.org\/wp-content\/uploads\/2021\/03\/Dualdiagnosis-Logo.png","width":1150,"height":264,"caption":"Foundations Recovery Network"},"image":{"@id":"https:\/\/dualdiagnosis.org\/de\/#\/schema\/logo\/image\/"},"sameAs":["https:\/\/www.facebook.com\/Dual-Diagnosis-100246328793889","https:\/\/x.com\/DiagnosisDual"]},{"@type":"Person","@id":"https:\/\/dualdiagnosis.org\/de\/#\/schema\/person\/80883be85982ce1aee2d717da7e1838f","name":"Ben Lesser","image":{"@type":"ImageObject","inLanguage":"de","@id":"https:\/\/dualdiagnosis.org\/de\/#\/schema\/person\/image\/","url":"https:\/\/secure.gravatar.com\/avatar\/d761cc2d01ed47f79749f689308a0b4344ee8dae3860e0cf8d51a1124644213c?s=96&r=g","contentUrl":"https:\/\/secure.gravatar.com\/avatar\/d761cc2d01ed47f79749f689308a0b4344ee8dae3860e0cf8d51a1124644213c?s=96&r=g","caption":"Ben Lesser"},"description":"Ben Lesser ist einer der gefragtesten Experten im Bereich Gesundheit, Fitness und Medizin. Seine Artikel \u00fcberzeugen durch einzigartige Recherchearbeiten sowie praxiserprobte F\u00e4higkeiten. Er ist freiberuflicher medizinischer Autor, der sich auf die Erstellung von Inhalten zur Verbesserung des \u00f6ffentlichen Bewusstseins f\u00fcr Gesundheitsthemen spezialisiert hat. Wir haben die Ehre dass Ben exklusiv und ausschlie\u00dflich f\u00fcr Dualdiagnosis.org Texte verfasst.","sameAs":["https:\/\/www.facebook.com\/people\/Dual-Diagnosis\/100064899908835\/","https:\/\/www.linkedin.com\/in\/ben-lesser-b3b9a4225\/","https:\/\/x.com\/Ben DE"],"url":"https:\/\/dualdiagnosis.org\/de\/author\/ben-de\/"}]}},"_links":{"self":[{"href":"https:\/\/dualdiagnosis.org\/de\/wp-json\/wp\/v2\/posts\/69248","targetHints":{"allow":["GET"]}}],"collection":[{"href":"https:\/\/dualdiagnosis.org\/de\/wp-json\/wp\/v2\/posts"}],"about":[{"href":"https:\/\/dualdiagnosis.org\/de\/wp-json\/wp\/v2\/types\/post"}],"author":[{"embeddable":true,"href":"https:\/\/dualdiagnosis.org\/de\/wp-json\/wp\/v2\/users\/5"}],"replies":[{"embeddable":true,"href":"https:\/\/dualdiagnosis.org\/de\/wp-json\/wp\/v2\/comments?post=69248"}],"version-history":[{"count":0,"href":"https:\/\/dualdiagnosis.org\/de\/wp-json\/wp\/v2\/posts\/69248\/revisions"}],"wp:featuredmedia":[{"embeddable":true,"href":"https:\/\/dualdiagnosis.org\/de\/wp-json\/wp\/v2\/media\/69761"}],"wp:attachment":[{"href":"https:\/\/dualdiagnosis.org\/de\/wp-json\/wp\/v2\/media?parent=69248"}],"wp:term":[{"taxonomy":"category","embeddable":true,"href":"https:\/\/dualdiagnosis.org\/de\/wp-json\/wp\/v2\/categories?post=69248"},{"taxonomy":"post_tag","embeddable":true,"href":"https:\/\/dualdiagnosis.org\/de\/wp-json\/wp\/v2\/tags?post=69248"}],"curies":[{"name":"wp","href":"https:\/\/api.w.org\/{rel}","templated":true}]}}