{"id":79748,"date":"2024-03-03T02:07:24","date_gmt":"2024-03-03T01:07:24","guid":{"rendered":"https:\/\/dualdiagnosis.org\/?p=79748"},"modified":"2024-03-04T08:08:27","modified_gmt":"2024-03-04T07:08:27","slug":"faltenbehandlung","status":"publish","type":"post","link":"https:\/\/dualdiagnosis.org\/de\/ratgeber\/faltenbehandlung\/","title":{"rendered":"Tipps zur effektiven Faltenbehandlung &#8211; Alle Fakten, Fragen und Antworten"},"content":{"rendered":"\t\t<div data-elementor-type=\"wp-post\" data-elementor-id=\"79748\" class=\"elementor elementor-79748\">\n\t\t\t\t\t\t<section class=\"elementor-section elementor-top-section elementor-element elementor-element-8274f20 elementor-section-boxed elementor-section-height-default elementor-section-height-default\" data-id=\"8274f20\" data-element_type=\"section\">\n\t\t\t\t\t\t<div class=\"elementor-container elementor-column-gap-default\">\n\t\t\t\t\t<div class=\"elementor-column elementor-col-100 elementor-top-column elementor-element elementor-element-00ead0a\" data-id=\"00ead0a\" data-element_type=\"column\">\n\t\t\t<div class=\"elementor-widget-wrap elementor-element-populated\">\n\t\t\t\t\t\t<div class=\"elementor-element elementor-element-7e355ee elementor-widget elementor-widget-text-editor\" data-id=\"7e355ee\" data-element_type=\"widget\" data-widget_type=\"text-editor.default\">\n\t\t\t\t<div class=\"elementor-widget-container\">\n\t\t\t\t\t\t\t<p>Fr\u00fcher oder sp\u00e4ter hat jeder mit Falten zu k\u00e4mpfen. Es ist jedoch m\u00f6glich, die Intensit\u00e4t und den Zeitpunkt ihres Auftretens zu beeinflussen. Es gibt viele M\u00f6glichkeiten, Ihre Haut zu pflegen und Kr\u00e4henf\u00fc\u00dfe vorzubeugen. In diesem gro\u00dfartigen Artikel wollen wir Ihnen sagen, was Sie tun k\u00f6nnen, um Falten vorzubeugen und M\u00f6glichkeiten zur effektiven Faltenbehandlung vorstellen.<\/p><h2><span id=\"Wichtige_Fakten_im_Uberblick\">Wichtige Fakten zur Faltenbehandlung im \u00dcberblick<\/span><\/h2><ul><li>Wenn wir \u00e4lter werden, altert auch unsere Haut. Unsere Haut verliert ihre Elastizit\u00e4t und damit ihre Geschmeidigkeit. Das Ergebnis k\u00f6nnen gro\u00dfe und kleine Falten sein.<\/li><li>Die Intensit\u00e4t und der Zeitpunkt der Faltenbildung wird von vielen verschiedenen Faktoren beeinflusst. Stress, Schlafmangel, UV-Strahlen und andere Faktoren spielen bei der Faltenbehandlung eine wichtige Rolle.<\/li><li>Der Schutz Ihrer Haut vor UV-Strahlen ist sehr wichtig und unerl\u00e4sslich, wenn Sie Falten bek\u00e4mpfen wollen. Ein Sonnenschutzmittel mit entsprechendem Schutzfaktor und eine Sonnenbrille k\u00f6nnen Sie vor den Sonnenstrahlen sch\u00fctzen.<\/li><\/ul>\t\t\t\t\t\t<\/div>\n\t\t\t\t<\/div>\n\t\t\t\t<div class=\"elementor-element elementor-element-0ee9853 elementor-widget elementor-widget-text-editor\" data-id=\"0ee9853\" data-element_type=\"widget\" data-widget_type=\"text-editor.default\">\n\t\t\t\t<div class=\"elementor-widget-container\">\n\t\t\t\t\t\t\t<h2>Wie entstehen Falten?<\/h2><p><img fetchpriority=\"high\" decoding=\"async\" class=\"aligncenter wp-image-79924 size-full\" title=\"Frau mit Falten um den Augen\" src=\"https:\/\/dualdiagnosis.org\/wp-content\/uploads\/2022\/06\/Wie-entstehen-Falten.png\" alt=\"Wie entstehen Falten\" width=\"700\" height=\"350\" srcset=\"https:\/\/dualdiagnosis.org\/wp-content\/uploads\/2022\/06\/Wie-entstehen-Falten.png 700w, https:\/\/dualdiagnosis.org\/wp-content\/uploads\/2022\/06\/Wie-entstehen-Falten-300x150.png 300w, https:\/\/dualdiagnosis.org\/wp-content\/uploads\/2022\/06\/Wie-entstehen-Falten-660x330.png 660w\" sizes=\"(max-width: 700px) 100vw, 700px\" \/><\/p><p>Die Haut altert mit dem Alter. In der mittleren Hautschicht nimmt der Anteil an elastischen Fasern, Hautfett und Bindegewebe ab. Dies f\u00fchrt dazu, dass die Haut ihre Elastizit\u00e4t verliert. UV-Licht, Schwerkraft, Mimik und andere Faktoren hinterlassen ihre Spuren auf der Haut in Form von Falten. Die faltenanf\u00e4lligsten Stellen sind das Gesicht, der Hals, die Arme und das Dekollet\u00e9. Falten lassen sich nicht vollst\u00e4ndig vermeiden oder verhindern, aber sie treten mit dem Alter auf. Manche bekommen sie fr\u00fcher, andere sp\u00e4ter.<\/p><p>Die Intensit\u00e4t der Faltenbildung h\u00e4ngt nicht nur von \u00e4u\u00dferen Faktoren, sondern auch von k\u00f6rpereigenen Prozessen ab. Nikotin und Alkohol haben einen starken Einfluss auf die Entstehung von Falten. Man unterscheidet zwischen nat\u00fcrlicher Alterung und umweltbedingter Alterung. Im Folgenden wird kurz beschrieben, was damit gemeint ist:<\/p><p><strong>Nat\u00fcrliche Alterung der Haut<\/strong>: Die Strukturen und Prozesse des K\u00f6rpers ver\u00e4ndern sich mit dem Alter. Die Strukturen und der Aufbau der Haut ver\u00e4ndern sich ebenfalls im Laufe des Lebens. Hinzu kommt, dass mit zunehmendem Alter immer weniger Kollagen zur eigenen Faltenbehandlung produziert wird. In der Folge verliert die Haut an Bindegewebe und damit an Elastizit\u00e4t. Dadurch wird die Faltenbildung auf der Haut erleichtert. Auch der Hormonhaushalt, der sich im Laufe der Jahre ver\u00e4ndert, spielt eine wichtige Rolle bei der Alterung, insbesondere bei Frauen.<\/p><p><strong>Umweltbedingte Alterung<\/strong>: \u00c4u\u00dfere Faktoren wie ultraviolettes Licht, Alkohol und Nikotin tragen zur Hautalterung bei. Auch Stress, Schlafmangel und eine vitaminreiche Ern\u00e4hrung spielen eine wichtige Rolle. All diese Faktoren tragen zur Bildung der so genannten freien Radikale bei. Sie sind aggressive Sauerstoffverbindungen, die schwere Zellsch\u00e4den verursachen k\u00f6nnen.<\/p><p>Dar\u00fcber hinaus k\u00f6nnen UV-Strahlen die f\u00fcr die Kollagenproduktion erforderlichen zellul\u00e4ren Prozesse direkt beeintr\u00e4chtigen. Die Elastizit\u00e4t der Haut nimmt bei Menschen, die sich regelm\u00e4\u00dfig und ohne ausreichenden Schutz der Sonne aussetzen, deutlich ab.<\/p><p>Es ist also offensichtlich, dass die Hautalterung und Faltenbehandlung von vielen verschiedenen Faktoren beeinflusst wird.<\/p><h2><span id=\"Die_Wirkung_von_L_Carnitin_Das_sollten_Sie_wissen\">Faltenbehandlung: Das sollten Sie wissen<\/span><\/h2><p>Bevor man Ratschl\u00e4ge und Hinweise zur Faltenbehandlung gibt, sollten einige grundlegende Informationen gegeben werden. Wir haben ein paar h\u00e4ufig gestellte Fragen ausgew\u00e4hlt und beantwortet.<\/p><h2>Wie k\u00f6nnen Falten \u00e4u\u00dferlich behandelt werden?<\/h2><p>Die \u00e4u\u00dfere Faltenbehandlung eignet sich besonders f\u00fcr gro\u00dfe Hautareale. Es gibt mehrere M\u00f6glichkeiten, die wir im Einzelnen auflisten:<\/p><p><strong>Chemische Peelings<\/strong>: Im Gegensatz zu rein kosmetischen Peelings dringen diese Peelings tiefer in die Hautschichten ein. Daher reduzieren oder entfernen sie L\u00e4sionen sichtbarer und intensiver.<\/p><p><strong>Dermabrasion<\/strong>: Bei dieser Methode werden mechanisch rotierende Diamantscheiben oder Stahlb\u00fcrsten verwendet, um die obersten Hautschichten zu entfernen.<\/p><p><strong>Medical Needling<\/strong>: Bei dieser Methode wird die Haut mit kleinen Nadeln auf einer sterilen Rolle rotiert. Daraufhin produziert die Haut durch nat\u00fcrliche Selbstreparatur mehr Kollagen.<\/p><p><strong>Coblation<\/strong>: Bei dieser Methode der Faltenbehandlung werden elektromagnetische Wellen eingesetzt, um nur die obersten Hautschichten zu entfernen.<\/p><p><strong>Thermage<\/strong>: Radiofrequenzquellen erhitzen Kollagenfasern, die dem Hautton entsprechen. Das Kollagen schrumpft. Das Ergebnis ist eine Straffung der behandelten Hautpartien.<\/p><p><strong>Lasern<\/strong>: Bei dieser Methode werden die oberen und tieferen Hautschichten mit Laserlicht entfernt<\/p><p>Es gibt unz\u00e4hlige Methoden zur Faltenbehandlung. Das h\u00e4ngt ganz vom Zustand Ihrer Haut ab. Sie k\u00f6nnen mit einem Spezialisten oder Arzt besprechen, welche Methode f\u00fcr Sie am besten geeignet ist.<\/p><h2>Wie k\u00f6nnen Falten von innen behandelt werden?<\/h2><p><iframe title=\"YouTube video player\" src=\"https:\/\/www.youtube.com\/embed\/d9SVN8SKLsw\" width=\"700\" height=\"350\" frameborder=\"0\" allowfullscreen=\"allowfullscreen\"><\/iframe><\/p><p>Die Injektion spezieller Substanzen kann das Erscheinungsbild einiger tiefer Falten verringern. Filler machen die Haut weicher und lassen Falten verschwinden oder reduzieren sie deutlich. Leider ist die Wirkung nicht immer von Dauer, da die meisten der verwendeten Stoffe nat\u00fcrlich sind und daher besser vertragen werden. Mit der Zeit baut der K\u00f6rper die Substanzen ab. Aus diesem Grund muss die Faltenbehandlung regelm\u00e4\u00dfig wiederholt werden.<\/p><p>Im Folgenden werden einige nat\u00fcrliche Antifaltenmittel aufgef\u00fchrt:<\/p><p><strong>Hyalurons\u00e4ure<\/strong>: Diese gallertartige, w\u00e4ssrige Substanz ist vor allem im Bindegewebe zu finden. Diese Substanz ist in der Lage, Feuchtigkeit zu binden und die Produktion von elastischen Fasern und Kollagen im K\u00f6rper anzuregen. Wenn synthetisch hergestellte Hyalurons\u00e4ure in Falten injiziert wird, f\u00fcllt sich die Haut sichtbar von innen auf und die Falten verschwinden.<\/p><p><strong>Eigenfett<\/strong>: Bei der Injektion von Fett in Falten wird zun\u00e4chst Eigenfett aus den Oberschenkeln oder dem Ges\u00e4\u00df entnommen und aufbereitet. Anschlie\u00dfend wird es unter die Falten injiziert. Einer der gro\u00dfen Vorteile dieser Methode ist ihre vollst\u00e4ndige Toleranz. Der Nachteil sind die hohen Kosten. Das Eigenfettpr\u00e4parat eignet sich besonders zur Faltenbehandlung und zum Auff\u00fcllen schlaffer Gesichtspartien.<\/p><p><strong>Kollagen<\/strong>: Ein Bindegewebsprotein, das in Z\u00e4hnen, Knochen, Knorpeln, Sehnen, B\u00e4ndern und auch in der Haut vorkommt. Kollagenfasern sind besonders dehnungsbest\u00e4ndig. Das f\u00fcr Injektionen verwendete Kollagen wird normalerweise aus der Haut von Rindern gewonnen. Vor der Faltenbehandlung sollte ein Allergietest durchgef\u00fchrt werden.<\/p><p><strong>Milchs\u00e4ure<\/strong>: Auch diese Substanz wird vom K\u00f6rper produziert, f\u00fcr die Faltenunterspritzung wird sie jedoch synthetisch hergestellt. Milchs\u00e4ure ist besonders gut geeignet, um schlaffe Hautpartien zu voluminisieren und tiefe Falten aufzuf\u00fcllen. Die Milchs\u00e4ure regt die Kollagenproduktion an der Injektionsstelle an und ist etwa ein Jahr lang aktiv.<\/p><p><strong>Calciumhydroxylapatit<\/strong>: Diese Substanz ist in Knochen und Z\u00e4hnen enthalten. Es wird erst seit kurzem f\u00fcr Injektionen verwendet. Es wird auch synthetisch hergestellt. Es eignet sich besonders gut zur Faltenbehandlung und zur Beseitigung von Gewebedefekten. Die Wirkung h\u00e4lt etwa zwei Jahre lang an.<\/p><p><strong>Botox<\/strong>: Das bekannteste Medikament gegen Falten ist Botox, auch bekannt als Botulinumtoxin. Botox ist ideal f\u00fcr die Gl\u00e4ttung von Mimikfalten und F\u00e4ltchen. Die Substanz wird mit einer sehr feinen Nadel direkt unter die Haut der betroffenen Stelle injiziert. Die Wirkung wird nach ein bis zwei Wochen sp\u00fcrbar. Botox l\u00e4hmt die lokalen Gesichtsmuskeln und gl\u00e4ttet so die Falten. Die Wirkung h\u00e4lt etwa vier Monate lang an.<\/p><p>Es gibt viele Substanzen, die in Falten injiziert werden k\u00f6nnen. Wir k\u00f6nnen Ihnen nicht sagen, welche f\u00fcr Sie am besten geeignet ist, aber Sie sollten dies mit Ihrer Kosmetikerin und Ihrem Facharzt besprechen.<\/p><h2>Wie kann ich die Entstehung von Falten verhindern?<\/h2><p>Es ist erwiesen, dass der Lebensstil einen gro\u00dfen Einfluss auf den Zeitpunkt, die Intensit\u00e4t der Faltenbildung und der daurauffolgenden Faltenbehandlung hat. Daher gibt es einige Dinge, die Sie tun k\u00f6nnen, um das Auftreten von Falten zu verhindern: Es ist sehr wichtig, dass Sie sich richtig vor UV-Strahlen sch\u00fctzen, indem Sie ein Sonnenschutzmittel mit einem ausreichend hohen Schutzfaktor oder ein Sonnenschutzmittel mit UV-Schutz verwenden.<\/p><p>Ein Sonnenschutzmittel mit hohem Lichtschutzfaktor, das einen ausreichenden Schutz vor der Sonne bietet, tr\u00e4gt ebenfalls zur Vorbeugung von Falten bei. Nat\u00fcrlich wird auch gen\u00fcgend Schlaf, mindestens sieben Stunden pro Nacht, empfohlen. Trinken Sie viel Wasser und achten Sie auf eine ausgewogene, vitaminreiche Ern\u00e4hrung:<\/p><p>Die Vitamine A, E und C sollten auf Ihrer Liste stehen. Carotinoide und unges\u00e4ttigte Fetts\u00e4uren gelten als nat\u00fcrliche Photoprotektoren. Pflegen Sie Ihre Haut, indem Sie sie zum Beispiel gr\u00fcndlich reinigen und mit einer Feuchtigkeitscreme behandeln.<\/p><h2>Das k\u00f6nnen Sie bei fortgeschrittenen Falten tun<\/h2><p>Wenn Ihre Falten bereits etwas abgeflacht sind, hilft meist nur noch eine medizinische Faltenbehandlung. In diesem Fall kann ein klassisches Facelifting in Betracht gezogen werden. Ein Facelifting wird von einem plastischen und kosmetischen Chirurgen durchgef\u00fchrt. Er f\u00fchrt den Eingriff unter Narkose durch, entfernt \u00fcbersch\u00fcssige Haut und strafft unvertr\u00e4gliches Gewebe.<\/p><p>Am Ende des Eingriffs ist das Gesicht sp\u00fcrbar straffer und glatter. Es besteht jedoch die Gefahr, dass das nat\u00fcrliche Aussehen des Gesichts nicht immer erhalten bleibt. Bei der Wahl des Ortes, an dem ein Facelifting durchgef\u00fchrt werden soll, ist daher Vorsicht geboten.<\/p><h2>Hausmittel zur Bek\u00e4mpfung von Falten<\/h2><p><img decoding=\"async\" class=\"aligncenter wp-image-79920 size-full\" title=\"Avocado\" src=\"https:\/\/dualdiagnosis.org\/wp-content\/uploads\/2022\/06\/Hausmittel-zur-Beka\u0308mpfung-von-Falten.png\" alt=\"Hausmittel zur Beka\u0308mpfung von Falten\" width=\"700\" height=\"350\" srcset=\"https:\/\/dualdiagnosis.org\/wp-content\/uploads\/2022\/06\/Hausmittel-zur-Beka\u0308mpfung-von-Falten.png 700w, https:\/\/dualdiagnosis.org\/wp-content\/uploads\/2022\/06\/Hausmittel-zur-Beka\u0308mpfung-von-Falten-300x150.png 300w, https:\/\/dualdiagnosis.org\/wp-content\/uploads\/2022\/06\/Hausmittel-zur-Beka\u0308mpfung-von-Falten-660x330.png 660w\" sizes=\"(max-width: 700px) 100vw, 700px\" \/><\/p><p>Man muss nicht immer in einen Sch\u00f6nheitssalon gehen oder eine teure Pflegeserie kaufen &#8211; man kann Falten auch mit Hausmitteln bek\u00e4mpfen. Hier ist eine Liste mit einigen Hausmitteln gegen Falten:<\/p><h3>Avocado-Maske<\/h3><p>Eine Avocado-Maske ist eine gute M\u00f6glichkeit, zur Faltenbehandlung. Diese Frucht ist reich an Aminos\u00e4uren und kann daher die Kollagenproduktion anregen. Avocados sind reich an den Vitaminen A, C und E und enthalten wertvolle Fette, die die Haut mit Feuchtigkeit versorgen.<\/p><p>F\u00fcr eine Avocado-Maske das Fruchtfleisch einer halben Avocado mit einer Gabel zerdr\u00fccken und mit 2-3 Essl\u00f6ffeln kaltgepresstem Oliven\u00f6l vermischen. Sanft auf Gesicht, Hals und Dekollet\u00e9 auftragen und nach 20 Minuten mit lauwarmem Wasser absp\u00fclen.<\/p><h3>\u00d6lkompresse<\/h3><p>Eine \u00d6lkompresse kann auch zur Pflege von Hals und Dekollet\u00e9 verwendet werden. Sie k\u00f6nnen ein sauberes Handtuch in hochwertigem Weizenkeim\u00f6l oder Oliven\u00f6l tr\u00e4nken und es 15-30 Minuten lang um den Hals wickeln. Idealerweise sollten Sie jedoch versuchen, die \u00d6lmaske so lange wie m\u00f6glich einwirken zu lassen. Zum Schluss k\u00f6nnen Sie den Rest mit klarem Wasser absp\u00fclen.<\/p><h3>Sanfte Massage<\/h3><p>Eine sanfte Massage kann sehr wirksam zur Faltenbehandlung sein. Dies kann mit einer Technik namens Filetieren geschehen. Wiederholen Sie die \u00dcbung dreimal und sp\u00fclen Sie sie dann vorsichtig ab. Durch regelm\u00e4\u00dfiges Massieren regen Sie die Blutzirkulation an, was zur Gl\u00e4ttung und Vorbeugung von F\u00e4ltchen beitr\u00e4gt.<\/p><h3>Di\u00e4t<\/h3><p>Eine gesunde, ausgewogene und vitaminreiche Ern\u00e4hrung macht Sie schlank und fit und verbessert Ihre Haut, Haare und N\u00e4gel erheblich. Mineralien und Vitamine haben antioxidative Eigenschaften, die freie Radikale bek\u00e4mpfen und die Hautzellen sch\u00fctzen. Sind zu wenig Antioxidantien vorhanden, nimmt die Elastizit\u00e4t der Haut ab. Dies f\u00fchrt zu Falten und einem stumpfen, m\u00fcden Teint. Er enth\u00e4lt zum Beispiel Antioxidantien:<\/p><p>Obst<br \/>Salate<br \/>Sprossen (Linsen oder Weizen)<br \/>Sprossen, Linsen, Keimlinge, Weizenmehl oder Sprossen<br \/>N\u00fcsse<\/p><p>Es ist auch wichtig, die Haut von innen mit Feuchtigkeit zu versorgen. Falten und F\u00e4ltchen, die durch Dehydrierung verursacht werden, sind haupts\u00e4chlich das Ergebnis einer unzureichenden Fl\u00fcssigkeitszufuhr. Deshalb reicht es nicht aus, die Haut von au\u00dfen mit reichhaltigen Cremes zu versorgen. Man sollte also t\u00e4glich 1,5-2 Liter Wasser trinken!<\/p><h2>Faltenbehandlung durch Schutz vor UV-Strahlen<\/h2><p>Sonnenschutz ist f\u00fcr die Faltenbehandlung wichtig. Viele Menschen glauben nicht, dass die ultravioletten Strahlen einen wesentlichen Einfluss haben. Man k\u00f6nnte sogar sagen, dass die UV-Strahlen der Feind der Haut sind. Da die Strahlen so tief in die Unterhaut eindringen k\u00f6nnen, sch\u00e4digen sie das Bindegewebe. Infolgedessen sterben die Zellen ab und die Kollagenproduktion, die f\u00fcr die Elastizit\u00e4t der Haut verantwortlich ist, nimmt ab.<\/p><p>Dies wiederum f\u00fchrt zu typischer Hautalterung, dem Auftreten zahlreicher Falten und trockener, d\u00fcnner Haut. Weitere Sonnensch\u00e4den sind Erschlaffung, Falten, Sommersprossen und Pigmentierung. Auch Licheratose kann auftreten. Dies ist eine Vorstufe von Hautkrebs, die auf den ersten Blick sehr harmlos erscheint.<\/p><p>Sonnenschutz ist auch an bew\u00f6lkten Tagen wichtig. Die Strahlen k\u00f6nnen durch die Wolken dringen. Die Haut um Ihre Augen ist besonders empfindlich. Vergessen Sie also nie, Ihre Augenlider mit Sonnenschutzmitteln zu behandeln. Auch eine Sonnenbrille mit ausreichendem UV-Schutz kann bei der Faltenbehandlung helfen. Eine Sonnenbrille mit einer Wellenl\u00e4nge von bis zu 400 Nanometern ist ein ausreichender Schutz.<\/p><p>Auch die Gl\u00e4ser der Sonnenbrille sollten nicht zu schmal sein und m\u00f6glichst bis zu den Seiten des B\u00fcgels reichen. Auf diese Weise bietet die Sonnenbrille den besten Schutz f\u00fcr Augen und Haut. Auch die Sonne kann die Augen sch\u00e4digen, da ihre Strahlen die Tr\u00fcbung der Linse beeinflussen. Der Graue Star ist eine h\u00e4ufige Erkrankung bei Menschen \u00fcber 50 Jahren.<\/p><h2>Unser Fazit<\/h2><p>Falten werden durch viele verschiedene Faktoren verursacht. Es gibt aber auch viele verschiedene Methoden zur effektiven Faltenbehandlung. Es ist nicht immer notwendig, teure Behandlungen in Anspruch zu nehmen; es gibt auch billigere Methoden oder Hausmittel, die helfen k\u00f6nnen.<\/p><p>Denken Sie daran, sich vor der Sonne zu sch\u00fctzen. UV-Strahlen haben eine starke Wirkung auf Falten, deshalb ist es wichtig, sich richtig zu sch\u00fctzen. Wenn Sie diese Tipps befolgen, steht der Beseitigung von Falten nichts mehr im Wege.<\/p>\t\t\t\t\t\t<\/div>\n\t\t\t\t<\/div>\n\t\t\t\t\t<\/div>\n\t\t<\/div>\n\t\t\t\t\t<\/div>\n\t\t<\/section>\n\t\t\t\t<\/div>\n\t\t","protected":false},"excerpt":{"rendered":"<p>Fr\u00fcher oder sp\u00e4ter hat jeder mit Falten zu k\u00e4mpfen. Es ist jedoch m\u00f6glich, die Intensit\u00e4t und den Zeitpunkt ihres Auftretens zu beeinflussen. Es gibt viele M\u00f6glichkeiten, Ihre Haut zu pflegen und Kr\u00e4henf\u00fc\u00dfe vorzubeugen. In diesem gro\u00dfartigen Artikel wollen wir Ihnen sagen, was Sie tun k\u00f6nnen, um Falten vorzubeugen und M\u00f6glichkeiten zur effektiven Faltenbehandlung vorstellen. Wichtige &#8230; <a title=\"Tipps zur effektiven Faltenbehandlung &#8211; Alle Fakten, Fragen und Antworten\" class=\"read-more\" href=\"https:\/\/dualdiagnosis.org\/de\/ratgeber\/faltenbehandlung\/\" aria-label=\"Mehr zu Tipps zur effektiven Faltenbehandlung &#8211; Alle Fakten, Fragen und Antworten\">Weiterlesen &#8230;<\/a><\/p>\n","protected":false},"author":5,"featured_media":79946,"comment_status":"open","ping_status":"open","sticky":false,"template":"","format":"standard","meta":{"footnotes":""},"categories":[65],"tags":[],"class_list":["post-79748","post","type-post","status-publish","format-standard","has-post-thumbnail","hentry","category-ratgeber"],"yoast_head":"<!-- This site is optimized with the Yoast SEO plugin v23.0 - https:\/\/yoast.com\/wordpress\/plugins\/seo\/ -->\n<title>So k\u00f6nnen Sie effektiv Falten behandeln - Alle Tipps in unserem Ratgeber!<\/title>\n<meta name=\"description\" content=\"Die besten Tipps &amp; Tricks f\u00fcr eine erfolgreiche Faltenbehandlung - Alle Fakten, Fragen und Antworten in unserem neuen Beitrag 2024\" \/>\n<meta name=\"robots\" content=\"index, follow, max-snippet:-1, max-image-preview:large, max-video-preview:-1\" \/>\n<link rel=\"canonical\" href=\"https:\/\/dualdiagnosis.org\/de\/ratgeber\/faltenbehandlung\/\" \/>\n<meta name=\"twitter:label1\" content=\"Verfasst von\" \/>\n\t<meta name=\"twitter:data1\" content=\"Ben Lesser\" \/>\n\t<meta name=\"twitter:label2\" content=\"Gesch\u00e4tzte Lesezeit\" \/>\n\t<meta name=\"twitter:data2\" content=\"12\u00a0Minuten\" \/>\n<script type=\"application\/ld+json\" class=\"yoast-schema-graph\">{\"@context\":\"https:\/\/schema.org\",\"@graph\":[{\"@type\":\"Article\",\"@id\":\"https:\/\/dualdiagnosis.org\/de\/ratgeber\/faltenbehandlung\/#article\",\"isPartOf\":{\"@id\":\"https:\/\/dualdiagnosis.org\/de\/ratgeber\/faltenbehandlung\/\"},\"author\":{\"name\":\"Ben Lesser\",\"@id\":\"https:\/\/dualdiagnosis.org\/de\/#\/schema\/person\/80883be85982ce1aee2d717da7e1838f\"},\"headline\":\"Tipps zur effektiven Faltenbehandlung &#8211; Alle Fakten, Fragen und Antworten\",\"datePublished\":\"2024-03-03T01:07:24+00:00\",\"dateModified\":\"2024-03-04T07:08:27+00:00\",\"mainEntityOfPage\":{\"@id\":\"https:\/\/dualdiagnosis.org\/de\/ratgeber\/faltenbehandlung\/\"},\"wordCount\":2127,\"commentCount\":0,\"publisher\":{\"@id\":\"https:\/\/dualdiagnosis.org\/de\/#organization\"},\"image\":{\"@id\":\"https:\/\/dualdiagnosis.org\/de\/ratgeber\/faltenbehandlung\/#primaryimage\"},\"thumbnailUrl\":\"https:\/\/dualdiagnosis.org\/wp-content\/uploads\/2022\/06\/Faltenbehandlung-Titelbild.png\",\"articleSection\":[\"Ratgeber\"],\"inLanguage\":\"de\",\"potentialAction\":[{\"@type\":\"CommentAction\",\"name\":\"Comment\",\"target\":[\"https:\/\/dualdiagnosis.org\/de\/ratgeber\/faltenbehandlung\/#respond\"]}]},{\"@type\":\"WebPage\",\"@id\":\"https:\/\/dualdiagnosis.org\/de\/ratgeber\/faltenbehandlung\/\",\"url\":\"https:\/\/dualdiagnosis.org\/de\/ratgeber\/faltenbehandlung\/\",\"name\":\"So k\u00f6nnen Sie effektiv Falten behandeln - Alle Tipps in unserem Ratgeber!\",\"isPartOf\":{\"@id\":\"https:\/\/dualdiagnosis.org\/de\/#website\"},\"primaryImageOfPage\":{\"@id\":\"https:\/\/dualdiagnosis.org\/de\/ratgeber\/faltenbehandlung\/#primaryimage\"},\"image\":{\"@id\":\"https:\/\/dualdiagnosis.org\/de\/ratgeber\/faltenbehandlung\/#primaryimage\"},\"thumbnailUrl\":\"https:\/\/dualdiagnosis.org\/wp-content\/uploads\/2022\/06\/Faltenbehandlung-Titelbild.png\",\"datePublished\":\"2024-03-03T01:07:24+00:00\",\"dateModified\":\"2024-03-04T07:08:27+00:00\",\"description\":\"Die besten Tipps & Tricks f\u00fcr eine erfolgreiche Faltenbehandlung - Alle Fakten, Fragen und Antworten in unserem neuen Beitrag 2024\",\"breadcrumb\":{\"@id\":\"https:\/\/dualdiagnosis.org\/de\/ratgeber\/faltenbehandlung\/#breadcrumb\"},\"inLanguage\":\"de\",\"potentialAction\":[{\"@type\":\"ReadAction\",\"target\":[\"https:\/\/dualdiagnosis.org\/de\/ratgeber\/faltenbehandlung\/\"]}]},{\"@type\":\"ImageObject\",\"inLanguage\":\"de\",\"@id\":\"https:\/\/dualdiagnosis.org\/de\/ratgeber\/faltenbehandlung\/#primaryimage\",\"url\":\"https:\/\/dualdiagnosis.org\/wp-content\/uploads\/2022\/06\/Faltenbehandlung-Titelbild.png\",\"contentUrl\":\"https:\/\/dualdiagnosis.org\/wp-content\/uploads\/2022\/06\/Faltenbehandlung-Titelbild.png\",\"width\":700,\"height\":350,\"caption\":\"Faltenbehandlung Titelbild\"},{\"@type\":\"BreadcrumbList\",\"@id\":\"https:\/\/dualdiagnosis.org\/de\/ratgeber\/faltenbehandlung\/#breadcrumb\",\"itemListElement\":[{\"@type\":\"ListItem\",\"position\":1,\"name\":\"Home\",\"item\":\"https:\/\/dualdiagnosis.org\/de\/\"},{\"@type\":\"ListItem\",\"position\":2,\"name\":\"Tipps zur effektiven Faltenbehandlung &#8211; Alle Fakten, Fragen und Antworten\"}]},{\"@type\":\"WebSite\",\"@id\":\"https:\/\/dualdiagnosis.org\/de\/#website\",\"url\":\"https:\/\/dualdiagnosis.org\/de\/\",\"name\":\"Dualdiagnosis.org\",\"description\":\"Dual Diagnosis: Home\",\"publisher\":{\"@id\":\"https:\/\/dualdiagnosis.org\/de\/#organization\"},\"potentialAction\":[{\"@type\":\"SearchAction\",\"target\":{\"@type\":\"EntryPoint\",\"urlTemplate\":\"https:\/\/dualdiagnosis.org\/de\/?s={search_term_string}\"},\"query-input\":\"required name=search_term_string\"}],\"inLanguage\":\"de\"},{\"@type\":\"Organization\",\"@id\":\"https:\/\/dualdiagnosis.org\/de\/#organization\",\"name\":\"Foundations Recovery Network\",\"url\":\"https:\/\/dualdiagnosis.org\/de\/\",\"logo\":{\"@type\":\"ImageObject\",\"inLanguage\":\"de\",\"@id\":\"https:\/\/dualdiagnosis.org\/de\/#\/schema\/logo\/image\/\",\"url\":\"https:\/\/dualdiagnosis.org\/wp-content\/uploads\/2021\/03\/Dualdiagnosis-Logo.png\",\"contentUrl\":\"https:\/\/dualdiagnosis.org\/wp-content\/uploads\/2021\/03\/Dualdiagnosis-Logo.png\",\"width\":1150,\"height\":264,\"caption\":\"Foundations Recovery Network\"},\"image\":{\"@id\":\"https:\/\/dualdiagnosis.org\/de\/#\/schema\/logo\/image\/\"},\"sameAs\":[\"https:\/\/www.facebook.com\/Dual-Diagnosis-100246328793889\",\"https:\/\/x.com\/DiagnosisDual\"]},{\"@type\":\"Person\",\"@id\":\"https:\/\/dualdiagnosis.org\/de\/#\/schema\/person\/80883be85982ce1aee2d717da7e1838f\",\"name\":\"Ben Lesser\",\"image\":{\"@type\":\"ImageObject\",\"inLanguage\":\"de\",\"@id\":\"https:\/\/dualdiagnosis.org\/de\/#\/schema\/person\/image\/\",\"url\":\"https:\/\/secure.gravatar.com\/avatar\/d761cc2d01ed47f79749f689308a0b4344ee8dae3860e0cf8d51a1124644213c?s=96&r=g\",\"contentUrl\":\"https:\/\/secure.gravatar.com\/avatar\/d761cc2d01ed47f79749f689308a0b4344ee8dae3860e0cf8d51a1124644213c?s=96&r=g\",\"caption\":\"Ben Lesser\"},\"description\":\"Ben Lesser ist einer der gefragtesten Experten im Bereich Gesundheit, Fitness und Medizin. Seine Artikel \u00fcberzeugen durch einzigartige Recherchearbeiten sowie praxiserprobte F\u00e4higkeiten. Er ist freiberuflicher medizinischer Autor, der sich auf die Erstellung von Inhalten zur Verbesserung des \u00f6ffentlichen Bewusstseins f\u00fcr Gesundheitsthemen spezialisiert hat. Wir haben die Ehre dass Ben exklusiv und ausschlie\u00dflich f\u00fcr Dualdiagnosis.org Texte verfasst.\",\"sameAs\":[\"https:\/\/www.facebook.com\/people\/Dual-Diagnosis\/100064899908835\/\",\"https:\/\/www.linkedin.com\/in\/ben-lesser-b3b9a4225\/\",\"https:\/\/x.com\/Ben DE\"],\"url\":\"https:\/\/dualdiagnosis.org\/de\/author\/ben-de\/\"}]}<\/script>\n<!-- \/ Yoast SEO plugin. -->","yoast_head_json":{"title":"So k\u00f6nnen Sie effektiv Falten behandeln - Alle Tipps in unserem Ratgeber!","description":"Die besten Tipps & Tricks f\u00fcr eine erfolgreiche Faltenbehandlung - Alle Fakten, Fragen und Antworten in unserem neuen Beitrag 2024","robots":{"index":"index","follow":"follow","max-snippet":"max-snippet:-1","max-image-preview":"max-image-preview:large","max-video-preview":"max-video-preview:-1"},"canonical":"https:\/\/dualdiagnosis.org\/de\/ratgeber\/faltenbehandlung\/","twitter_misc":{"Verfasst von":"Ben Lesser","Gesch\u00e4tzte Lesezeit":"12\u00a0Minuten"},"schema":{"@context":"https:\/\/schema.org","@graph":[{"@type":"Article","@id":"https:\/\/dualdiagnosis.org\/de\/ratgeber\/faltenbehandlung\/#article","isPartOf":{"@id":"https:\/\/dualdiagnosis.org\/de\/ratgeber\/faltenbehandlung\/"},"author":{"name":"Ben Lesser","@id":"https:\/\/dualdiagnosis.org\/de\/#\/schema\/person\/80883be85982ce1aee2d717da7e1838f"},"headline":"Tipps zur effektiven Faltenbehandlung &#8211; Alle Fakten, Fragen und Antworten","datePublished":"2024-03-03T01:07:24+00:00","dateModified":"2024-03-04T07:08:27+00:00","mainEntityOfPage":{"@id":"https:\/\/dualdiagnosis.org\/de\/ratgeber\/faltenbehandlung\/"},"wordCount":2127,"commentCount":0,"publisher":{"@id":"https:\/\/dualdiagnosis.org\/de\/#organization"},"image":{"@id":"https:\/\/dualdiagnosis.org\/de\/ratgeber\/faltenbehandlung\/#primaryimage"},"thumbnailUrl":"https:\/\/dualdiagnosis.org\/wp-content\/uploads\/2022\/06\/Faltenbehandlung-Titelbild.png","articleSection":["Ratgeber"],"inLanguage":"de","potentialAction":[{"@type":"CommentAction","name":"Comment","target":["https:\/\/dualdiagnosis.org\/de\/ratgeber\/faltenbehandlung\/#respond"]}]},{"@type":"WebPage","@id":"https:\/\/dualdiagnosis.org\/de\/ratgeber\/faltenbehandlung\/","url":"https:\/\/dualdiagnosis.org\/de\/ratgeber\/faltenbehandlung\/","name":"So k\u00f6nnen Sie effektiv Falten behandeln - Alle Tipps in unserem Ratgeber!","isPartOf":{"@id":"https:\/\/dualdiagnosis.org\/de\/#website"},"primaryImageOfPage":{"@id":"https:\/\/dualdiagnosis.org\/de\/ratgeber\/faltenbehandlung\/#primaryimage"},"image":{"@id":"https:\/\/dualdiagnosis.org\/de\/ratgeber\/faltenbehandlung\/#primaryimage"},"thumbnailUrl":"https:\/\/dualdiagnosis.org\/wp-content\/uploads\/2022\/06\/Faltenbehandlung-Titelbild.png","datePublished":"2024-03-03T01:07:24+00:00","dateModified":"2024-03-04T07:08:27+00:00","description":"Die besten Tipps & Tricks f\u00fcr eine erfolgreiche Faltenbehandlung - Alle Fakten, Fragen und Antworten in unserem neuen Beitrag 2024","breadcrumb":{"@id":"https:\/\/dualdiagnosis.org\/de\/ratgeber\/faltenbehandlung\/#breadcrumb"},"inLanguage":"de","potentialAction":[{"@type":"ReadAction","target":["https:\/\/dualdiagnosis.org\/de\/ratgeber\/faltenbehandlung\/"]}]},{"@type":"ImageObject","inLanguage":"de","@id":"https:\/\/dualdiagnosis.org\/de\/ratgeber\/faltenbehandlung\/#primaryimage","url":"https:\/\/dualdiagnosis.org\/wp-content\/uploads\/2022\/06\/Faltenbehandlung-Titelbild.png","contentUrl":"https:\/\/dualdiagnosis.org\/wp-content\/uploads\/2022\/06\/Faltenbehandlung-Titelbild.png","width":700,"height":350,"caption":"Faltenbehandlung Titelbild"},{"@type":"BreadcrumbList","@id":"https:\/\/dualdiagnosis.org\/de\/ratgeber\/faltenbehandlung\/#breadcrumb","itemListElement":[{"@type":"ListItem","position":1,"name":"Home","item":"https:\/\/dualdiagnosis.org\/de\/"},{"@type":"ListItem","position":2,"name":"Tipps zur effektiven Faltenbehandlung &#8211; Alle Fakten, Fragen und Antworten"}]},{"@type":"WebSite","@id":"https:\/\/dualdiagnosis.org\/de\/#website","url":"https:\/\/dualdiagnosis.org\/de\/","name":"Dualdiagnosis.org","description":"Dual Diagnosis: Home","publisher":{"@id":"https:\/\/dualdiagnosis.org\/de\/#organization"},"potentialAction":[{"@type":"SearchAction","target":{"@type":"EntryPoint","urlTemplate":"https:\/\/dualdiagnosis.org\/de\/?s={search_term_string}"},"query-input":"required name=search_term_string"}],"inLanguage":"de"},{"@type":"Organization","@id":"https:\/\/dualdiagnosis.org\/de\/#organization","name":"Foundations Recovery Network","url":"https:\/\/dualdiagnosis.org\/de\/","logo":{"@type":"ImageObject","inLanguage":"de","@id":"https:\/\/dualdiagnosis.org\/de\/#\/schema\/logo\/image\/","url":"https:\/\/dualdiagnosis.org\/wp-content\/uploads\/2021\/03\/Dualdiagnosis-Logo.png","contentUrl":"https:\/\/dualdiagnosis.org\/wp-content\/uploads\/2021\/03\/Dualdiagnosis-Logo.png","width":1150,"height":264,"caption":"Foundations Recovery Network"},"image":{"@id":"https:\/\/dualdiagnosis.org\/de\/#\/schema\/logo\/image\/"},"sameAs":["https:\/\/www.facebook.com\/Dual-Diagnosis-100246328793889","https:\/\/x.com\/DiagnosisDual"]},{"@type":"Person","@id":"https:\/\/dualdiagnosis.org\/de\/#\/schema\/person\/80883be85982ce1aee2d717da7e1838f","name":"Ben Lesser","image":{"@type":"ImageObject","inLanguage":"de","@id":"https:\/\/dualdiagnosis.org\/de\/#\/schema\/person\/image\/","url":"https:\/\/secure.gravatar.com\/avatar\/d761cc2d01ed47f79749f689308a0b4344ee8dae3860e0cf8d51a1124644213c?s=96&r=g","contentUrl":"https:\/\/secure.gravatar.com\/avatar\/d761cc2d01ed47f79749f689308a0b4344ee8dae3860e0cf8d51a1124644213c?s=96&r=g","caption":"Ben Lesser"},"description":"Ben Lesser ist einer der gefragtesten Experten im Bereich Gesundheit, Fitness und Medizin. Seine Artikel \u00fcberzeugen durch einzigartige Recherchearbeiten sowie praxiserprobte F\u00e4higkeiten. Er ist freiberuflicher medizinischer Autor, der sich auf die Erstellung von Inhalten zur Verbesserung des \u00f6ffentlichen Bewusstseins f\u00fcr Gesundheitsthemen spezialisiert hat. Wir haben die Ehre dass Ben exklusiv und ausschlie\u00dflich f\u00fcr Dualdiagnosis.org Texte verfasst.","sameAs":["https:\/\/www.facebook.com\/people\/Dual-Diagnosis\/100064899908835\/","https:\/\/www.linkedin.com\/in\/ben-lesser-b3b9a4225\/","https:\/\/x.com\/Ben DE"],"url":"https:\/\/dualdiagnosis.org\/de\/author\/ben-de\/"}]}},"_links":{"self":[{"href":"https:\/\/dualdiagnosis.org\/de\/wp-json\/wp\/v2\/posts\/79748","targetHints":{"allow":["GET"]}}],"collection":[{"href":"https:\/\/dualdiagnosis.org\/de\/wp-json\/wp\/v2\/posts"}],"about":[{"href":"https:\/\/dualdiagnosis.org\/de\/wp-json\/wp\/v2\/types\/post"}],"author":[{"embeddable":true,"href":"https:\/\/dualdiagnosis.org\/de\/wp-json\/wp\/v2\/users\/5"}],"replies":[{"embeddable":true,"href":"https:\/\/dualdiagnosis.org\/de\/wp-json\/wp\/v2\/comments?post=79748"}],"version-history":[{"count":0,"href":"https:\/\/dualdiagnosis.org\/de\/wp-json\/wp\/v2\/posts\/79748\/revisions"}],"wp:featuredmedia":[{"embeddable":true,"href":"https:\/\/dualdiagnosis.org\/de\/wp-json\/wp\/v2\/media\/79946"}],"wp:attachment":[{"href":"https:\/\/dualdiagnosis.org\/de\/wp-json\/wp\/v2\/media?parent=79748"}],"wp:term":[{"taxonomy":"category","embeddable":true,"href":"https:\/\/dualdiagnosis.org\/de\/wp-json\/wp\/v2\/categories?post=79748"},{"taxonomy":"post_tag","embeddable":true,"href":"https:\/\/dualdiagnosis.org\/de\/wp-json\/wp\/v2\/tags?post=79748"}],"curies":[{"name":"wp","href":"https:\/\/api.w.org\/{rel}","templated":true}]}}